{"id":1461,"date":"2022-09-13T12:32:50","date_gmt":"2022-09-13T12:32:50","guid":{"rendered":"https:\/\/benedetto.deutsches-ehrenamt.de\/vereinsmagazin\/?p=1461"},"modified":"2022-09-13T12:37:52","modified_gmt":"2022-09-13T12:37:52","slug":"gema-bietet-webinar-fuer-musiknutzer","status":"publish","type":"post","link":"https:\/\/benedetto.deutsches-ehrenamt.de\/vereinsmagazin\/gema-bietet-webinar-fuer-musiknutzer\/","title":{"rendered":"GEMA bietet Webinar f\u00fcr Musiknutzer"},"content":{"rendered":"\n<p>Die GEMA vertritt die Interessen von Musikschaffenden, indem sie daf\u00fcr sorgt, dass deren geistiges Eigentum gesch\u00fctzt wird und sie f\u00fcr die Nutzung ihrer Werke angemessen entlohnt werden. Schlie\u00dflich m\u00fcssen auch Komponisten, Interpreten, Textdichter und Musikverleger von etwas leben. Doch wie meldet man die Musiknutzung richtig an?<\/p>\n\n\n\n<p>Dar\u00fcber k\u00f6nnen Sie sich im Webinar am <strong>06. Oktober 2022 von 13.00 bis 14.30 Uhr<\/strong> informieren.<\/p>\n\n\n\n<p>Anmelden k\u00f6nnen Sie sich \u00fcber diesen Link https:\/\/gsvt.gema-veranstaltungen.de\/event\/webinar\/webinar-vorstellung-des-gema-onlineportals-fuer-musiknutzer oder auf der Website: https:\/\/www.gema.de\/musiknutzer\/gsvt\/ unter der Rubrik \u201eWebinare\u201c.<\/p>\n\n\n\n<p>Nach erfolgreicher Anmeldung erhalten Sie ab ca. 24h vor dem Webinar eine E-Mail mit dem Link zur Einwahl.<\/p>\n\n\n\n<p>Haben Sie am 06.10. nicht die Gelegenheit, am Webinar teilzunehmen, dann finden Sie einfache Schritt f\u00fcr Schritt-Anleitungen f\u00fcr die wichtigsten Funktionen im unter https:\/\/www.gema.de\/musiknutzer\/gsvt\/service\/.<\/p>\n\n\n\n<p>Dort finden Sie Videos, u.a. zu den Themen<\/p>\n\n\n\n<p>\u2022&nbsp;&nbsp;&nbsp;&nbsp;&nbsp;&nbsp;&nbsp;&nbsp;&nbsp;&nbsp; Registrieren und Einloggen<\/p>\n\n\n\n<p>\u2022&nbsp;&nbsp;&nbsp;&nbsp;&nbsp;&nbsp;&nbsp;&nbsp;&nbsp;&nbsp; Anmeldung von Musiknutzungen<\/p>\n\n\n\n<p>\u2022&nbsp;&nbsp;&nbsp;&nbsp;&nbsp;&nbsp;&nbsp;&nbsp;&nbsp;&nbsp; Einreichung von Musikfolgen\/ Setlists<\/p>\n\n\n\n<p>\u2022&nbsp;&nbsp;&nbsp;&nbsp;&nbsp;&nbsp;&nbsp;&nbsp;&nbsp;&nbsp; Verwalten und \u00c4ndern Ihrer Stammdaten<\/p>\n\n\n\n<p>\u2022&nbsp;&nbsp;&nbsp;&nbsp;&nbsp;&nbsp;&nbsp;&nbsp;&nbsp;&nbsp; Verwalten Ihrer Veranstaltungen und Vertr\u00e4ge<\/p>\n\n\n\n<p>So k\u00f6nnen Sie sich jederzeit und unabh\u00e4ngig vom Webinar mit den Anwendungen vertraut machen.<\/p>\n","protected":false},"excerpt":{"rendered":"<p>Am Donnerstag, 06. Oktober 2022 bietet die GEMA das Webinar \u201eVorstellung des GEMA Onlineportals f\u00fcr Musiknutzer\u201c.<\/p>\n","protected":false},"author":3,"featured_media":1463,"comment_status":"open","ping_status":"open","sticky":false,"template":"","format":"standard","meta":{"_acf_changed":false,"_seopress_robots_primary_cat":"none","_seopress_titles_title":"","_seopress_titles_desc":"","_seopress_robots_index":"","footnotes":""},"categories":[4],"tags":[42,18,22,14],"class_list":{"0":"post-1461","1":"post","2":"type-post","3":"status-publish","4":"format-standard","5":"has-post-thumbnail","7":"category-steuern-finanzen","8":"tag-haftung","9":"tag-steuern-und-finanzen","10":"tag-vereinsfinanzen","11":"tag-vereinsfuehrung"},"acf":[],"fimg_url":"https:\/\/benedetto.deutsches-ehrenamt.de\/app\/uploads\/2022\/09\/AdobeStock_54068047-768x512.jpeg","fimg_alt_text":"GEMA bietet Webinar f\u00fcr Musiknutzer","_links":{"self":[{"href":"https:\/\/benedetto.deutsches-ehrenamt.de\/vereinsmagazin\/wp-json\/wp\/v2\/posts\/1461","targetHints":{"allow":["GET"]}}],"collection":[{"href":"https:\/\/benedetto.deutsches-ehrenamt.de\/vereinsmagazin\/wp-json\/wp\/v2\/posts"}],"about":[{"href":"https:\/\/benedetto.deutsches-ehrenamt.de\/vereinsmagazin\/wp-json\/wp\/v2\/types\/post"}],"author":[{"embeddable":true,"href":"https:\/\/benedetto.deutsches-ehrenamt.de\/vereinsmagazin\/wp-json\/wp\/v2\/users\/3"}],"replies":[{"embeddable":true,"href":"https:\/\/benedetto.deutsches-ehrenamt.de\/vereinsmagazin\/wp-json\/wp\/v2\/comments?post=1461"}],"version-history":[{"count":5,"href":"https:\/\/benedetto.deutsches-ehrenamt.de\/vereinsmagazin\/wp-json\/wp\/v2\/posts\/1461\/revisions"}],"predecessor-version":[{"id":1468,"href":"https:\/\/benedetto.deutsches-ehrenamt.de\/vereinsmagazin\/wp-json\/wp\/v2\/posts\/1461\/revisions\/1468"}],"wp:featuredmedia":[{"embeddable":true,"href":"https:\/\/benedetto.deutsches-ehrenamt.de\/vereinsmagazin\/wp-json\/wp\/v2\/media\/1463"}],"wp:attachment":[{"href":"https:\/\/benedetto.deutsches-ehrenamt.de\/vereinsmagazin\/wp-json\/wp\/v2\/media?parent=1461"}],"wp:term":[{"taxonomy":"category","embeddable":true,"href":"https:\/\/benedetto.deutsches-ehrenamt.de\/vereinsmagazin\/wp-json\/wp\/v2\/categories?post=1461"},{"taxonomy":"post_tag","embeddable":true,"href":"https:\/\/benedetto.deutsches-ehrenamt.de\/vereinsmagazin\/wp-json\/wp\/v2\/tags?post=1461"}],"curies":[{"name":"wp","href":"https:\/\/api.w.org\/{rel}","templated":true}]}}