{"id":2368,"date":"2024-07-15T10:50:43","date_gmt":"2024-07-15T08:50:43","guid":{"rendered":"https:\/\/benedetto.deutsches-ehrenamt.de\/vereinsmagazin\/?p=2368"},"modified":"2024-07-15T10:50:43","modified_gmt":"2024-07-15T08:50:43","slug":"jetzt-website-ueberpruefen-neues-gesetz-erfordert-anpassungen","status":"publish","type":"post","link":"https:\/\/benedetto.deutsches-ehrenamt.de\/vereinsmagazin\/jetzt-website-ueberpruefen-neues-gesetz-erfordert-anpassungen\/","title":{"rendered":"Jetzt Website \u00fcberpr\u00fcfen! Neues Gesetz erfordert Anpassungen"},"content":{"rendered":"\n<h2 class=\"wp-block-heading\"><strong>\u00dcberarbeitung des Impressums<\/strong><\/h2>\n\n\n\n<h3 class=\"wp-block-heading\"><strong>TMG wird zu DDG<\/strong><\/h3>\n\n\n\n<p>Das Digitale-Dienst- Gesetz enth\u00e4lt in \u00a7 5 DDG die k\u00fcnftig relevante Vorschrift zur Einhaltung der Impressumspflicht und ersetzt damit die bisherige Regelung aus<br>\u00a7 5 TMG. Tauschen Sie im Impressum auf der Website den Verweis auf das TMG gegen DDG aus. Unterlassen Sie dies, kann der Verein abgemahnt werden.<\/p>\n\n\n\n<h3 class=\"wp-block-heading\"><strong><strong>Privatadressen<\/strong><\/strong><\/h3>\n\n\n\n<p>Bisher mussten die Privatadressen der Vorstandsmitglieder im Impressum angegeben werden. Dies ist nun nicht mehr erforderlich! Statt der Privatadressen geben Sie eine gesch\u00e4ftliche Adresse oder die allgemeine Kontaktadresse des Vereins an. Diese Adresse muss eine physische Kontaktm\u00f6glichkeit darstellen, an die rechtlich relevante Korrespondenz gesendet werden kann. Das k\u00f6nnte die Adresse des Vereinssitzes oder eine andere regelm\u00e4\u00dfig \u00fcberpr\u00fcfte gesch\u00e4ftliche Adresse sein. Die Namen der Vorstandsmitglieder bleiben weiterhin im Impressum, aber ohne private Kontaktinformationen.<\/p>\n\n\n\n<p>Tipp: Ist Ihre Organisation mit einem Schutzbrief des DEUTSCHEN EHRENAMT ausgestattet, finden Sie ein aktualisiertes Musterimpressum im Mitgliederportal.<\/p>\n\n\n\n<div style=\"height:50px\" aria-hidden=\"true\" class=\"wp-block-spacer\"><\/div>\n\n\n\n<h2 class=\"wp-block-heading\"><strong><strong>\u00dcberpr\u00fcfung der Datenschutzerkl\u00e4rung sowie ggfls. weiterer Dokumente<\/strong><\/strong><\/h2>\n\n\n\n<p>Das Datenschutz-Durchsetzungsgesetz (DDG) bringt wichtige \u00c4nderungen im Datenschutzrecht mit sich. Es erg\u00e4nzt und verst\u00e4rkt die bestehenden Regelungen, insbesondere die Datenschutz-Grundverordnung (DSGVO), und legt den Schwerpunkt auf die Durchsetzung von Datenschutzrechten. Hinsichtlich des DDG beachten und \u00fcberpr\u00fcfen Sie daher auch die bestehende Datenschutzerkl\u00e4rung auf folgende Inhalte.<\/p>\n\n\n\n<div style=\"height:50px\" aria-hidden=\"true\" class=\"wp-block-spacer\"><\/div>\n\n\n\n<ul class=\"wp-block-list\">\n<li><strong>Transparente Darstellung der Datenverarbeitung:<\/strong>\n<ul class=\"wp-block-list\">\n<li>Klarheit dar\u00fcber, welche Daten gesammelt werden und<\/li>\n\n\n\n<li>zu welchem Zweck sie erhoben und verarbeitet werden<\/li>\n<\/ul>\n<\/li>\n\n\n\n<li><strong>Rechtm\u00e4\u00dfigkeit der Datenverarbeitung:<\/strong>\n<ul class=\"wp-block-list\">\n<li>Grundlage der Datenverarbeitung (z.B. Einwilligung, Vertragserf\u00fcllung).<\/li>\n\n\n\n<li>Einhaltung der Prinzipien der Datenminimierung und Zweckbindung.<\/li>\n<\/ul>\n<\/li>\n\n\n\n<li><strong>Einwilligungserkl\u00e4rungen:<\/strong>\n<ul class=\"wp-block-list\">\n<li>Spezifische und eindeutige Einwilligung f\u00fcr verschiedene Verarbeitungszwecke.<\/li>\n\n\n\n<li>Informationen \u00fcber das Widerrufsrecht und die Widerrufsm\u00f6glichkeit der Einwilligung.<\/li>\n<\/ul>\n<\/li>\n\n\n\n<li><strong>Rechte der betroffenen Personen:<\/strong>\n<ul class=\"wp-block-list\">\n<li>Informationen \u00fcber das Recht auf Auskunft, Berichtigung, L\u00f6schung und Einschr\u00e4nkung der Verarbeitung.<\/li>\n\n\n\n<li>Verfahren zur Aus\u00fcbung der Betroffenenrechte.<\/li>\n<\/ul>\n<\/li>\n\n\n\n<li><strong>Datenweitergabe an Dritte:<\/strong>\n<ul class=\"wp-block-list\">\n<li>Offenlegung, ob und welche Daten an Dritte weitergegeben werden.<\/li>\n\n\n\n<li>Zweck und Rechtsgrundlage der Weitergabe.<\/li>\n<\/ul>\n<\/li>\n\n\n\n<li><strong>Informationspflichten bei Datenverarbeitung:<\/strong>\n<ul class=\"wp-block-list\">\n<li>Informationen \u00fcber die Dauer der Datenspeicherung.<\/li>\n\n\n\n<li>Angaben zur Identit\u00e4t und Kontaktdaten des Verantwortlichen.<\/li>\n<\/ul>\n<\/li>\n\n\n\n<li><strong>Technische und organisatorische Ma\u00dfnahmen:<\/strong>\n<ul class=\"wp-block-list\">\n<li>Beschreibung der Ma\u00dfnahmen zum Schutz der Daten (z.B. Verschl\u00fcsselung, Zugangskontrollen).<\/li>\n<\/ul>\n<\/li>\n\n\n\n<li><strong>Beschwerdemechanismen:<\/strong>\n<ul class=\"wp-block-list\">\n<li>Information \u00fcber das Beschwerderecht bei der zust\u00e4ndigen Aufsichtsbeh\u00f6rde.<\/li>\n\n\n\n<li>Verfahren zur Meldung von Datenschutzverletzungen.<\/li>\n<\/ul>\n<\/li>\n\n\n\n<li><strong>Daten\u00fcbertragbarkeit:<\/strong>\n<ul class=\"wp-block-list\">\n<li>Hinweise auf das Recht auf Daten\u00fcbertragbarkeit und wie es in Anspruch genommen werden kann.<\/li>\n<\/ul>\n<\/li>\n\n\n\n<li><strong>Profiling und automatisierte Entscheidungsfindung:<\/strong>\n<ul class=\"wp-block-list\">\n<li>Informationen dar\u00fcber, ob und wie Profiling oder automatisierte Entscheidungen eingesetzt werden.<\/li>\n<\/ul>\n<\/li>\n\n\n\n<li><strong>Verwendung von Cookies und Tracking-Technologien:<\/strong>\n<ul class=\"wp-block-list\">\n<li>Informationen \u00fcber die Art der verwendeten Cookies und Tracking-Methoden.<\/li>\n\n\n\n<li>M\u00f6glichkeit und Verfahren zum Opt-out.<\/li>\n<\/ul>\n<\/li>\n\n\n\n<li><strong>Kontaktinformationen f\u00fcr Datenschutzanfragen:<\/strong>\n<ul class=\"wp-block-list\">\n<li>Angaben zu den Kontaktm\u00f6glichkeiten f\u00fcr Datenschutzanfragen und Beschwerden.<\/li>\n<\/ul>\n<\/li>\n\n\n\n<li><strong>Aktualisierungsdatum der Datenschutzerkl\u00e4rung:<br><\/strong>Datum der letzten Aktualisierung und regelm\u00e4\u00dfige \u00dcberpr\u00fcfung der Datenschutzerkl\u00e4rung.<\/li>\n<\/ul>\n","protected":false},"excerpt":{"rendered":"<p>Das Telemediengesetz, welches beispielsweise die Einhaltung der Impressumspflicht auf der Website regelt, ist am 14. Mai 2024 au\u00dfer Kraft getreten und wurde durch das Digitale-Dienste-Gesetz (DDG) ersetzt. Wir m\u00f6chten Sie dar\u00fcber informieren, welche Neuerungen es gibt und worauf Sie das Impressum, die Datenschutzerkl\u00e4rung sowie weitere Dokumente \u00fcberpr\u00fcfen, bzw. \u00e4ndern sollten.<\/p>\n","protected":false},"author":9,"featured_media":2374,"comment_status":"closed","ping_status":"closed","sticky":false,"template":"","format":"standard","meta":{"_acf_changed":false,"_seopress_robots_primary_cat":"none","_seopress_titles_title":"","_seopress_titles_desc":"","_seopress_robots_index":"","footnotes":""},"categories":[28,10],"tags":[],"class_list":{"0":"post-2368","1":"post","2":"type-post","3":"status-publish","4":"format-standard","5":"has-post-thumbnail","7":"category-haftung-versicherung","8":"category-news"},"acf":[],"fimg_url":"https:\/\/benedetto.deutsches-ehrenamt.de\/app\/uploads\/2024\/07\/telemediengesetz-768x480.jpg","fimg_alt_text":"H\u00e4ndesch\u00fctteln im Gericht","_links":{"self":[{"href":"https:\/\/benedetto.deutsches-ehrenamt.de\/vereinsmagazin\/wp-json\/wp\/v2\/posts\/2368","targetHints":{"allow":["GET"]}}],"collection":[{"href":"https:\/\/benedetto.deutsches-ehrenamt.de\/vereinsmagazin\/wp-json\/wp\/v2\/posts"}],"about":[{"href":"https:\/\/benedetto.deutsches-ehrenamt.de\/vereinsmagazin\/wp-json\/wp\/v2\/types\/post"}],"author":[{"embeddable":true,"href":"https:\/\/benedetto.deutsches-ehrenamt.de\/vereinsmagazin\/wp-json\/wp\/v2\/users\/9"}],"replies":[{"embeddable":true,"href":"https:\/\/benedetto.deutsches-ehrenamt.de\/vereinsmagazin\/wp-json\/wp\/v2\/comments?post=2368"}],"version-history":[{"count":5,"href":"https:\/\/benedetto.deutsches-ehrenamt.de\/vereinsmagazin\/wp-json\/wp\/v2\/posts\/2368\/revisions"}],"predecessor-version":[{"id":2386,"href":"https:\/\/benedetto.deutsches-ehrenamt.de\/vereinsmagazin\/wp-json\/wp\/v2\/posts\/2368\/revisions\/2386"}],"wp:featuredmedia":[{"embeddable":true,"href":"https:\/\/benedetto.deutsches-ehrenamt.de\/vereinsmagazin\/wp-json\/wp\/v2\/media\/2374"}],"wp:attachment":[{"href":"https:\/\/benedetto.deutsches-ehrenamt.de\/vereinsmagazin\/wp-json\/wp\/v2\/media?parent=2368"}],"wp:term":[{"taxonomy":"category","embeddable":true,"href":"https:\/\/benedetto.deutsches-ehrenamt.de\/vereinsmagazin\/wp-json\/wp\/v2\/categories?post=2368"},{"taxonomy":"post_tag","embeddable":true,"href":"https:\/\/benedetto.deutsches-ehrenamt.de\/vereinsmagazin\/wp-json\/wp\/v2\/tags?post=2368"}],"curies":[{"name":"wp","href":"https:\/\/api.w.org\/{rel}","templated":true}]}}