{"id":2471,"date":"2024-09-24T08:56:01","date_gmt":"2024-09-24T06:56:01","guid":{"rendered":"https:\/\/benedetto.deutsches-ehrenamt.de\/vereinsmagazin\/?p=2471"},"modified":"2024-09-24T15:53:15","modified_gmt":"2024-09-24T13:53:15","slug":"warum-ist-das-thema-haftung-so-wichtig","status":"publish","type":"post","link":"https:\/\/benedetto.deutsches-ehrenamt.de\/vereinsmagazin\/warum-ist-das-thema-haftung-so-wichtig\/","title":{"rendered":"Warum ist das Thema Haftung so wichtig?"},"content":{"rendered":"\n<p><strong>Was sind Haftungsrisiken?<\/strong><\/p>\n\n\n\n<p>Haftungsrisiken entstehen, wenn durch Ihr Handeln oder Unterlassen Sch\u00e4den verursacht werden. Dies k\u00f6nnen finanzielle Sch\u00e4den, Sach- oder Personensch\u00e4den oder immaterielle Sch\u00e4den sein. Ein typisches Beispiel ist die Verletzung der Sorgfaltspflicht: Wenn Sie als Vorstandsmitglied wichtige Aufgaben oder Entscheidungen grob fahrl\u00e4ssig oder vors\u00e4tzlich falsch ausfu\u0308hren, kann dies rechtliche Konsequenzen haben. Auch die Nichtbeachtung steuerlicher Pflichten kann zu erheblichen Problemen fu\u0308hren, insbesondere bei gemeinnu\u0308tzigen Vereinen.<\/p>\n\n\n\n<div style=\"height:50px\" aria-hidden=\"true\" class=\"wp-block-spacer\"><\/div>\n\n\n\n<p><strong>Gemeinnu\u0308tzige vs. nicht gemeinnu\u0308tzige Vereinen<\/strong><\/p>\n\n\n\n<p>Fu\u0308r gemeinnu\u0308tzige Vereine gelten besondere Regelungen, da sie steuerliche Vorteile genie\u00dfen. Dies bringt jedoch auch zus\u00e4tzliche Verpflichtungen mit sich, wie die strikte Einhaltung des Vereinszwecks und die korrekte Verwendung von finanziellen Mitteln. Bei Verst\u00f6\u00dfen drohen nicht nur finanzielle Nachteile, sondern auch der Verlust der Gemeinnu\u0308tzigkeit. Aber auch nicht gemeinnu\u0308tzige Vereine sind vor Haftungsrisiken nicht gefeit. Hier geht es oft um die wirtschaftliche Bet\u00e4tigung und die korrekte Abfu\u0308hrung von Steuern und Abgaben.<\/p>\n\n\n\n<div style=\"height:50px\" aria-hidden=\"true\" class=\"wp-block-spacer\"><\/div>\n\n\n\n<p><strong>Wie k\u00f6nnen Sie sich sch\u00fctzen?<\/strong><\/p>\n\n\n\n<p>Vorbeugung ist der beste Schutz. Dazu geh\u00f6ren regelm\u00e4\u00dfige Fortbildungen, eine sorgf\u00e4ltige Dokumentation aller Entscheidungen und Vorg\u00e4nge sowie die Einrichtung interner Kontrollmechanismen. Daru\u0308ber hinaus sollten Sie fu\u0308r Versicherungsschutz sorgen \u2013 insbesondere eine spezielle Haftpflichtversicherung fu\u0308r Vorst\u00e4nde. Diese kann im Ernstfall finanzielle Sicherheit bieten und vor pers\u00f6nlichen Konsequenzen schu\u0308tzen.<\/p>\n\n\n\n<div style=\"height:50px\" aria-hidden=\"true\" class=\"wp-block-spacer\"><\/div>\n","protected":false},"excerpt":{"rendered":"<p>Als Vorstand eines Vereins sind Sie nicht nur fu\u0308r die strategische Ausrichtung und das t\u00e4gliche Management verantwortlich, sondern auch fu\u0308r die Einhaltung gesetzlicher Vorschriften und vertraglicher Pflichten. Fehler oder Vers\u00e4umnisse k\u00f6nnen schnell zu pers\u00f6nlichen Haftungsrisiken fu\u0308hren. Das bedeutet, dass Sie unter bestimmten Umst\u00e4nden mit Ihrem privaten Verm\u00f6gen fu\u0308r Sch\u00e4den haften, die durch Ihre T\u00e4tigkeit im Verein entstehen.<\/p>\n","protected":false},"author":13,"featured_media":2476,"comment_status":"closed","ping_status":"closed","sticky":false,"template":"","format":"standard","meta":{"_acf_changed":false,"_seopress_robots_primary_cat":"none","_seopress_titles_title":"","_seopress_titles_desc":"","_seopress_robots_index":"","footnotes":""},"categories":[28],"tags":[],"class_list":{"0":"post-2471","1":"post","2":"type-post","3":"status-publish","4":"format-standard","5":"has-post-thumbnail","7":"category-haftung-versicherung"},"acf":[],"fimg_url":"https:\/\/benedetto.deutsches-ehrenamt.de\/app\/uploads\/2024\/09\/auslagen-ohne-beleg-768x480.png","fimg_alt_text":"","_links":{"self":[{"href":"https:\/\/benedetto.deutsches-ehrenamt.de\/vereinsmagazin\/wp-json\/wp\/v2\/posts\/2471","targetHints":{"allow":["GET"]}}],"collection":[{"href":"https:\/\/benedetto.deutsches-ehrenamt.de\/vereinsmagazin\/wp-json\/wp\/v2\/posts"}],"about":[{"href":"https:\/\/benedetto.deutsches-ehrenamt.de\/vereinsmagazin\/wp-json\/wp\/v2\/types\/post"}],"author":[{"embeddable":true,"href":"https:\/\/benedetto.deutsches-ehrenamt.de\/vereinsmagazin\/wp-json\/wp\/v2\/users\/13"}],"replies":[{"embeddable":true,"href":"https:\/\/benedetto.deutsches-ehrenamt.de\/vereinsmagazin\/wp-json\/wp\/v2\/comments?post=2471"}],"version-history":[{"count":5,"href":"https:\/\/benedetto.deutsches-ehrenamt.de\/vereinsmagazin\/wp-json\/wp\/v2\/posts\/2471\/revisions"}],"predecessor-version":[{"id":2485,"href":"https:\/\/benedetto.deutsches-ehrenamt.de\/vereinsmagazin\/wp-json\/wp\/v2\/posts\/2471\/revisions\/2485"}],"wp:featuredmedia":[{"embeddable":true,"href":"https:\/\/benedetto.deutsches-ehrenamt.de\/vereinsmagazin\/wp-json\/wp\/v2\/media\/2476"}],"wp:attachment":[{"href":"https:\/\/benedetto.deutsches-ehrenamt.de\/vereinsmagazin\/wp-json\/wp\/v2\/media?parent=2471"}],"wp:term":[{"taxonomy":"category","embeddable":true,"href":"https:\/\/benedetto.deutsches-ehrenamt.de\/vereinsmagazin\/wp-json\/wp\/v2\/categories?post=2471"},{"taxonomy":"post_tag","embeddable":true,"href":"https:\/\/benedetto.deutsches-ehrenamt.de\/vereinsmagazin\/wp-json\/wp\/v2\/tags?post=2471"}],"curies":[{"name":"wp","href":"https:\/\/api.w.org\/{rel}","templated":true}]}}