{"id":249,"date":"2022-03-14T14:50:09","date_gmt":"2022-03-14T14:50:09","guid":{"rendered":"https:\/\/benedetto.deutsches-ehrenamt.de\/?p=249"},"modified":"2022-04-07T13:40:11","modified_gmt":"2022-04-07T13:40:11","slug":"einen-kindergarten-gruenden-in-nur-10-schritten","status":"publish","type":"post","link":"https:\/\/benedetto.deutsches-ehrenamt.de\/vereinsmagazin\/einen-kindergarten-gruenden-in-nur-10-schritten\/","title":{"rendered":"Einen Kindergarten gr\u00fcnden in nur 10 Schritten"},"content":{"rendered":"\n<h2 class=\"wp-block-heading\">KINDERGARTEN GR\u00dcNDEN \u2013 LEICHT GEMACHT<\/h2>\n\n\n\n<h3 class=\"wp-block-heading\">1. AM ANFANG STEHT DIE IDEE<\/h3>\n\n\n\n<p>Zu Beginn steht die Idee der Gr\u00fcndung eines Kindergartens. Egal ob man an diesem Punkt noch alleine steht oder bereits eine Gr\u00fcndergruppe um sich hat, muss die Idee in ein erstes Grundkonzept \u00fcberf\u00fchrt werden. Dabei gilt es einige grundlegende Fragen f\u00fcr sich auszumachen:<\/p>\n\n\n\n<ul class=\"wp-block-list\"><li>Welche Altersgruppe soll betreut werden, Krippe oder Hort?<\/li><li>Welche p\u00e4dagogische Richtung soll eingeschlagen werden: Waldorf, Pikler oder Montessori?<\/li><li>Wie viel Beteiligung der Eltern ist m\u00f6glich beziehungsweise wird ben\u00f6tigt?<\/li><\/ul>\n\n\n\n<p>Eine klare Botschaft und ein zielgerichtetes Konzept helfen auch bei zweiten Schritt, wenn man einen Kindergarten gr\u00fcnden m\u00f6chte.<\/p>\n\n\n\n<h3 class=\"wp-block-heading\">2. VEREINSMITGLIEDER FINDEN<\/h3>\n\n\n\n<p>Mit einem ersten Konzept in der Hand und dem Traum des eigenen Kindergartens im Kopf geht es nun darum, weitere Mitstreiter zu finden, die die Zeit und Lust mitbringen, sich an der Gr\u00fcndung und sp\u00e4ter am laufenden Betrieb des Kindergartens zu beteiligen. Dazu kann man zum einen direkt auf M\u00fctter an \u00f6ffentlichen Orten, wie Kinderspielpl\u00e4tzen, zugehen oder sich die Sozialen Medien zunutze machen und hier speziell auf Gleichgesinnte zugehen. Dieser Zusammenschluss von Gleichgesinnten, die einen Kindergarten gr\u00fcnden wollen, wird auch als Elterninitiative bezeichnet, sofern die Ideen und deren Umsetzung entsprechend von Eltern ausgehen.<\/p>\n\n\n\n<h3 class=\"wp-block-heading\">3. DER ERSTE KONTAKT NACH AUSSEN: DIE BEH\u00d6RD<\/h3>\n\n\n\n<p>Sind die ersten Mitglieder gefunden und das Konzept gemeinsam finalisiert worden, ist es nun an der Zeit f\u00fcr einen ersten Schritt nach au\u00dfen. Dazu wird Kontakt mit der zust\u00e4ndigen kommunalen Beh\u00f6rde f\u00fcr Kindertageseinrichtungen aufgenommen. Die sogenannte Kita-Aufsicht informiert zu den Vorgaben und dem Ablauf der Gr\u00fcndung einer Elterninitiative. Hierbei ist es wichtig, ein genaues Konzept ausgearbeitet zu haben, da bei der Beh\u00f6rde auch genaue Angaben zur Anzahl der Pl\u00e4tze des Kindergartens gemacht werden m\u00fcssen. Am Ende erteilt sie die Betriebserlaubnis. In diesem Zusammenhang erfolgt auch die Aufnahme in den Bedarfsplan des \u00f6rtlichen Jugendamts.<\/p>\n\n\n\n<h3 class=\"wp-block-heading\">4. DIE GR\u00dcNDUNG DES VEREINS<\/h3>\n\n\n\n<p>Die Basis f\u00fcr die Arbeit auf dem Weg zu einem Kindergarten, aufbauend auf einer Elterninitiative, ist die Gr\u00fcndung eines gemeinn\u00fctzigen Vereins. Wie auch bei der Gr\u00fcndung anderer Vereine sind hierbei die ersten Schritte das Ausarbeiten einer Satzung sowie die Erstellung eines Gr\u00fcndungsprotokolls. F\u00fcr den Kindergarten empfiehlt es sich somit, den Verein eintragen zu lassen. Diese Eintragung ins Vereinsregister erfolgt beim Amtsgericht. Gleichzeitig wird nun auch die Gemeinn\u00fctzigkeit beim Finanzamt beantragt. Der Verein gilt somit ab sofort als juristische Person, die unabh\u00e4ngig von den Privatverm\u00f6gen seiner Mitglieder wirtschaften kann.<\/p>\n\n\n\n<p>Alle detaillierten Informationen zur Vereinsgr\u00fcndung finden Sie auf den Seiten des DEUTSCHEN EHRENAMTS. Neben einem&nbsp;<a href=\"https:\/\/deutsches-ehrenamt.de\/verein-gruenden\/gruendungspaket\/\">Gr\u00fcndungspaket<\/a>, stellt das DEUTSCHE EHRENAMT mit seinem Vereins-Schutzbrief auch eine rechtliche Absicherung zur Seite, sodass dem Kindergl\u00fcck nichts mehr im Wege steht.<\/p>\n\n\n\n<p>Erfahren Sie hier mehr zum Gr\u00fcndungspaket:<\/p>\n\n\n\n<p><a href=\"https:\/\/deutsches-ehrenamt.de\/verein-gruenden\/gruendungspaket\/\">ZUM GR\u00dcNDUNGSPAKET<\/a><\/p>\n\n\n\n<h3 class=\"wp-block-heading\">5. MAKING BUSINESS: EINEN FINANZPLAN AUSARBEITEN<\/h3>\n\n\n\n<p>Ist die Kita in den Bedarfsplan aufgenommen und die Betriebserlaubnis erteilt, hat sie Anspruch auf Finanzierung durch die zust\u00e4ndige Kommune. L\u00e4nder und Kommunen regeln die F\u00f6rderung jedoch sehr unterschiedlich. Auch gilt es, nach speziellen F\u00f6rderprogrammen f\u00fcr Krippenpl\u00e4tze Ausschau zu halten, um so zus\u00e4tzliche finanzielle Unterst\u00fctzung zu erhalten. Das wiederum macht die \u00dcberlegung plausibel, bereits Pl\u00e4tze an Kinder unter drei Jahren einzurichten. Der Start der F\u00f6rderung beginnt allerdings auch erst mit dem Betrieb des Kindergartens, sodass die Finanzierung der Gr\u00fcndungsphase selbst gestemmt werden muss \u2013 entweder \u00fcber einen Kredit oder wiederum spezielle F\u00f6rderprogramme.<\/p>\n\n\n\n<h3 class=\"wp-block-heading\">6. AUF DER SUCHE NACH DEN VIER W\u00c4NDEN<\/h3>\n\n\n\n<p>Die Anforderungen der R\u00e4ume f\u00fcr einen Kindergarten sind vorgeschrieben und variieren von Bundesland zu Bundesland. Die Details und Anforderungen gilt es deshalb entsprechend mit Bau-\u00c4mtern, Gesundheitsamt und Kita-Aufsicht abzustimmen.<\/p>\n\n\n\n<h3 class=\"wp-block-heading\">7. EIN AUSGET\u00dcFTELTES KONZEPT<\/h3>\n\n\n\n<p>Um die Gr\u00fcndung des Kindergartens erfolgreich abzuschlie\u00dfen, gilt es, sich bei der Konzeptausarbeitung an die Vorgaben zu halten. Das Konzept bildet einen Rahmen f\u00fcr die Arbeit des p\u00e4dagogischen Personals. Im Konzept muss der Bildungsplan des jeweiligen Bundeslandes ber\u00fccksichtigt werden.<\/p>\n\n\n\n<h3 class=\"wp-block-heading\">8. DER KREATIVIT\u00c4T SIND KEINE GRENZEN GESETZT<\/h3>\n\n\n\n<p>Sind alle vorangegangenen Schritte erfolgreich abgeschlossen, kann nun mit der gezielten Gestaltung und dem Umbau der R\u00e4umlichkeiten begonnen werden. Unter Beachtung der Sicherheitsauflagen sind hierbei der Kreativit\u00e4t ansonsten keine Grenzen gesetzt.<\/p>\n\n\n\n<h3 class=\"wp-block-heading\">9. PERSONAL SUCHEN<\/h3>\n\n\n\n<p>Die Zahl der Personen, die zur Betreuung eingestellt werden, richtet sich nach der Anzahl der Kinder, die jeweils in einer Gruppe aufgenommen werden sollen.&nbsp;<\/p>\n\n\n\n<h3 class=\"wp-block-heading\">10. DIE ERSTEN KLEINEN G\u00c4STE<\/h3>\n\n\n\n<p>Der Verein ist gegr\u00fcndet, die Aufgaben sind verteilt, die R\u00e4umlichkeiten laden zum Spielen und Wohlf\u00fchlen ein und das Erzieher-Team steht. Die Gr\u00fcndung des Kindergartens geht nun in die n\u00e4chste Phase: T\u00fcren auf f\u00fcr die kleinen Besucher.<\/p>\n\n\n\n<h2 class=\"wp-block-heading\">DER UMGANG MIT KINDERN \u2013 EINE BESONDERE VERANTWORTUNG<\/h2>\n\n\n\n<p>Als Vorstand eines Kindergartens ist die Verantwortung, die man tagt\u00e4glich tr\u00e4gt, nicht zu untersch\u00e4tzen. Deshalb ist es ratsam, sich fr\u00fchzeitig um eine Aufwandsentsch\u00e4digung und eine Entlastung des Vorstandes zu k\u00fcmmern. Auf den Seiten des DEUTSCHEN EHRENAMTS erfahren Sie, wie genau das geht.<\/p>\n\n\n\n<h2 class=\"wp-block-heading\">KINDERGARTEN GR\u00dcNDEN? MIT EINER VERSICHERUNG F\u00dcR DEN KINDERGARTEN SIND SIE AUF DER SICHEREN SEITE<\/h2>\n\n\n\n<p>Schnell ist es passiert, dass sich Kinder beim Spielen und Toben verletzen. Doch was bedeutet das f\u00fcr den Verein?<\/p>\n\n\n\n<p>Eine Versicherung f\u00fcr den Kindergarten ist absolut unerl\u00e4sslich. F\u00fcr Kinder einer staatlich anerkannten Tageseinrichtung besteht zwar ein gesetzlicher Unfallversicherungsschutz \u2013 beitragsfrei und unabh\u00e4ngig davon, ob die Einrichtung \u00f6ffentlich, freigemeinn\u00fctzig oder privatgewerblich betrieben wird. Allerdings gilt diese Versicherung f\u00fcr den Kindergarten nur f\u00fcr all jene F\u00e4lle, die unter direkter Aufsicht passieren. H\u00e4ufig gehen Unf\u00e4lle im Kindergarten allerdings mit einer Verletzung der Aufsichtspflicht einher. In diesen F\u00e4llen wir der Vorstand als Tr\u00e4ger der Einrichtung pers\u00f6nlich zur Haftung gezogen. Um hohe Entsch\u00e4digungskosten bis hin zur drohenden Schlie\u00dfung der Einrichtung zu verhindern, gibt es zus\u00e4tzliche Versicherungen f\u00fcr Kinderg\u00e4rten, die eine Absicherung bedeuten:<\/p>\n\n\n\n<ul class=\"wp-block-list\"><li><strong>Betriebshaftpflichtversicherung<\/strong>:<br>Schutz bei Personen- und Sachsch\u00e4den. Eine Versicherung in diesem Bereich deckt Personen, Sach- und Verm\u00f6genssch\u00e4den ab. Sowohl ein unbeaufsichtigter Wasserkocher und der damit begangenen Verletzung der Aufsichtspflicht, als auch eine kaputte Brille eines Kindes oder der direkte Schaden eines Kindes sind damit abgesichert.<\/li><li><strong>Rechtsschutzversicherung<\/strong>:<br>Absicherung bei Rechtsstreitigkeiten. Der Umgang mit Kindern stellt einen sensiblen Bereich dar, der zu zahlreichen Konflikten f\u00fchren kann. Deshalb empfiehlt sich hier eine Gewerberechtsschutzversicherung. Sie kommt in allen Phasen des Rechtsstreits f\u00fcr die finanziellen Belastungen auf, von der Erstberatung bis zum Prozess.<\/li><li><strong>Inhaltsversicherung<\/strong>:<br>Haftung bei Sch\u00e4den an Einrichtung und Betriebsausstattung. Die Investitionen f\u00fcr das Inventar liegen aufgrund der kindgerechten Auslegung meist sehr hoch. Eine Gesch\u00e4ftsinhaltsversicherung \u00fcbernimmt die Kosten f\u00fcr die Neubeschaffung oder Reparatur von besch\u00e4digtem Inventar. Da Besch\u00e4digungen des Inventars auch bis zum vor\u00fcbergehenden Einstellen der T\u00e4tigkeit in der Kinderbetreuung f\u00fchren k\u00f6nnen, womit Geldeinbu\u00dfen verbunden sind, empfiehlt es sich, auch hier vorzusorgen.<\/li><\/ul>\n","protected":false},"excerpt":{"rendered":"<p>Pl\u00e4tze in Kinderg\u00e4rten und Kindertagesst\u00e4tten sind Mangelware und bereiten somit Eltern zum Teil einen enormen Aufwand und hohe finanzielle Belastungen, um ihre Kinder in guten H\u00e4nden zu wissen. Immer mehr wollen deshalb das Ruder selbst in die Hand nehmen und mittels der Gr\u00fcndung eines eigenen Kindergartens mehr Pl\u00e4tze zum Spielen und Wohlf\u00fchlen erschaffen. Von der Idee bis zu den ersten leuchtenden Kinderaugen in einem neuen Kinderparadies geben wir hier eine \u00dcbersicht, wie die Gr\u00fcndung eines Kindergartens ablaufen kann.<\/p>\n","protected":false},"author":3,"featured_media":480,"comment_status":"open","ping_status":"open","sticky":false,"template":"","format":"standard","meta":{"_acf_changed":false,"_seopress_robots_primary_cat":"","_seopress_titles_title":"","_seopress_titles_desc":"","_seopress_robots_index":"","footnotes":""},"categories":[29],"tags":[38,24],"class_list":{"0":"post-249","1":"post","2":"type-post","3":"status-publish","4":"format-standard","5":"has-post-thumbnail","7":"category-vereinsgruendung-vereinsarten","8":"tag-kindergarten","9":"tag-vereinsgruendung"},"acf":[],"fimg_url":"https:\/\/benedetto.deutsches-ehrenamt.de\/app\/uploads\/2022\/03\/spendenbescheinigung-768x512.jpeg","fimg_alt_text":"Die Mini-GmbH: Eine Rechtsform mit Vor- und Nachteilen","_links":{"self":[{"href":"https:\/\/benedetto.deutsches-ehrenamt.de\/vereinsmagazin\/wp-json\/wp\/v2\/posts\/249","targetHints":{"allow":["GET"]}}],"collection":[{"href":"https:\/\/benedetto.deutsches-ehrenamt.de\/vereinsmagazin\/wp-json\/wp\/v2\/posts"}],"about":[{"href":"https:\/\/benedetto.deutsches-ehrenamt.de\/vereinsmagazin\/wp-json\/wp\/v2\/types\/post"}],"author":[{"embeddable":true,"href":"https:\/\/benedetto.deutsches-ehrenamt.de\/vereinsmagazin\/wp-json\/wp\/v2\/users\/3"}],"replies":[{"embeddable":true,"href":"https:\/\/benedetto.deutsches-ehrenamt.de\/vereinsmagazin\/wp-json\/wp\/v2\/comments?post=249"}],"version-history":[{"count":5,"href":"https:\/\/benedetto.deutsches-ehrenamt.de\/vereinsmagazin\/wp-json\/wp\/v2\/posts\/249\/revisions"}],"predecessor-version":[{"id":739,"href":"https:\/\/benedetto.deutsches-ehrenamt.de\/vereinsmagazin\/wp-json\/wp\/v2\/posts\/249\/revisions\/739"}],"wp:featuredmedia":[{"embeddable":true,"href":"https:\/\/benedetto.deutsches-ehrenamt.de\/vereinsmagazin\/wp-json\/wp\/v2\/media\/480"}],"wp:attachment":[{"href":"https:\/\/benedetto.deutsches-ehrenamt.de\/vereinsmagazin\/wp-json\/wp\/v2\/media?parent=249"}],"wp:term":[{"taxonomy":"category","embeddable":true,"href":"https:\/\/benedetto.deutsches-ehrenamt.de\/vereinsmagazin\/wp-json\/wp\/v2\/categories?post=249"},{"taxonomy":"post_tag","embeddable":true,"href":"https:\/\/benedetto.deutsches-ehrenamt.de\/vereinsmagazin\/wp-json\/wp\/v2\/tags?post=249"}],"curies":[{"name":"wp","href":"https:\/\/api.w.org\/{rel}","templated":true}]}}