{"id":2511,"date":"2024-09-24T08:55:56","date_gmt":"2024-09-24T06:55:56","guid":{"rendered":"https:\/\/benedetto.deutsches-ehrenamt.de\/vereinsmagazin\/?p=2511"},"modified":"2025-12-23T10:19:18","modified_gmt":"2025-12-23T09:19:18","slug":"die-grundlagen-der-vorstandshaftung","status":"publish","type":"post","link":"https:\/\/benedetto.deutsches-ehrenamt.de\/vereinsmagazin\/die-grundlagen-der-vorstandshaftung\/","title":{"rendered":"Die Grundlagen der Vorstandshaftung"},"content":{"rendered":"\n<h2 class=\"wp-block-heading\">Pflichtverletzungen<\/h2>\n\n\n\n<p>Pflichten fu\u0308r die vertretungsberechtigten Organe ergeben sich aus der Satzung sowie dem Gesetz (im Wesentlichen das BGB). Zu den Pflichten z\u00e4hlen beispielsweise die sorgf\u00e4ltige Verwaltung der Vereinsfinanzen, die ordnungsgem\u00e4\u00dfe Buchfu\u0308hrung und die Einhaltung der gesetzlichen Vorschriften sowie der Satzungsregelungen bei s\u00e4mtlichen Vorg\u00e4ngen. Werden hier M\u00e4ngel festgestellt, muss der Vorstand dafu\u0308r geradestehen. Ist dem Verein aus der Pflichtverletzung ein Schaden entstanden, k\u00f6nnen ggfls. der Verein selbst, einzelne Vereinsmitglieder, Gl\u00e4ubiger des Vereins oder Finanzbeh\u00f6rden Anspru\u0308che gegen den Vorstand stellen.<\/p>\n\n\n\n<div style=\"height:50px\" aria-hidden=\"true\" class=\"wp-block-spacer\"><\/div>\n\n\n\n<h2 class=\"wp-block-heading\">Schuldhaft einen Schaden verursachen<\/h2>\n\n\n\n<p>Verursacht der Vorstand schuldhaft, d. h. grob fahrl\u00e4ssig oder vors\u00e4tzlich, einen Schaden, kann der Vorstand gesamt oder einzelne Vorstandsmitglieder pers\u00f6nlich zur Verantwortung gezogen werden. Achtung: Hierbei geht es nicht nur um aktives Handeln, sondern auch um das Unterlassen. Ist einem Vorstandsmitglied bekannt, dass dem Verein ein Schaden droht, sollte er oder sie dringend dafu\u0308r sorgen, den Schaden abzuwenden. Bemu\u0308ht sich das Vorstandsmitglied nicht darum und der Verein erleidet einen Schaden, kann der Verein ggfls. Schadensersatz von der Person verlangen.<br><br>Gesetzliche Anforderungen, wie beispielsweise Regelungen in den relevanten Steuergesetzen oder Regeln des Arbeitsrechts, nicht einzuhalten, kann ebenfalls zur pers\u00f6nlichen Haftung fu\u0308hren. Vorst\u00e4nde mu\u0308ssen sicherstellen, dass der Verein alle relevanten Gesetze und Vorschriften einh\u00e4lt.<\/p>\n\n\n\n<div style=\"height:50px\" aria-hidden=\"true\" class=\"wp-block-spacer\"><\/div>\n\n\n\n<h2 class=\"wp-block-heading\">Die gesetzlichen Grundlagen im \u00dcberblick<\/h2>\n\n\n\n<p><strong>\u00a7 31 BGB (Haftung des Vereins fu\u0308r Organe):<\/strong> Nach \u00a7 31 BGB haftet der Verein fu\u0308r Sch\u00e4den, die ein Vertreter in Ausu\u0308bung seiner T\u00e4tigkeit verursacht. Dies bedeutet, dass der Verein zun\u00e4chst in der Haftung steht.<br>Jedoch kann der Verein den Vorstand in Regress nehmen, wenn dieser vors\u00e4tzlich oder grob fahrl\u00e4ssig gehandelt hat.<\/p>\n\n\n\n<div style=\"height:50px\" aria-hidden=\"true\" class=\"wp-block-spacer\"><\/div>\n\n\n\n<p><strong>\u00a7 31a BGB:<\/strong> Hier ist die pers\u00f6nliche Haftung der Vorstandsmitglieder und anderer Organmitgliedern gegenu\u0308ber dem Verein geregelt. Sind Organmitglieder oder besondere Vertreter unentgeltlich t\u00e4tig oder erhalten Sie fu\u0308r ihre T\u00e4tigkeit eine Vergu\u0308tung, die 960 Euro j\u00e4hrlich nicht u\u0308bersteigt, haften sie dem Verein fu\u0308r einen bei der Wahrnehmung ihrer Pflichten verursachten Schaden nur bei Vorliegen von Vorsatz und grober Fahrl\u00e4ssigkeit.<\/p>\n\n\n\n<div style=\"height:50px\" aria-hidden=\"true\" class=\"wp-block-spacer\"><\/div>\n\n\n\n<p><strong>\u00a7 26 BGB (Vertretung des Vereins und Gesch\u00e4ftsfu\u0308hrung):<\/strong> \u00a7 26 BGB legt fest, dass der Vorstand den Verein gerichtlich und au\u00dfergerichtlich vertritt. Die Vorstandsmitglieder sind verantwortlich fu\u0308r alle T\u00e4tigkeiten, die zur Erreichung des Vereinszwecks notwendig sind.<\/p>\n\n\n\n<div style=\"height:50px\" aria-hidden=\"true\" class=\"wp-block-spacer\"><\/div>\n\n\n\n<p><strong>\u00a7 27 BGB (Bestellung und Gesch\u00e4ftsfu\u0308hrung des Vorstands):<\/strong> In \u00a7 27 BGB wird geregelt, dass die Vorstandsmitglieder auf eine bestimmte Zeit bestellt werden und dass sie ihre Aufgaben gewissenhaft erfu\u0308llen mu\u0308ssen. Hieraus leitet sich die Verpflichtung zur sorgf\u00e4ltigen und pflichtgem\u00e4\u00dfen Gesch\u00e4ftsfu\u0308hrung ab. Eine Haftung kann entstehen, wenn sie ihre Pflichten verletzen und dadurch ein Schaden entsteht.<\/p>\n\n\n\n<div style=\"height:50px\" aria-hidden=\"true\" class=\"wp-block-spacer\"><\/div>\n\n\n\n<h2 class=\"wp-block-heading\"><strong>Beispiel:<\/strong><\/h2>\n\n\n\n<p>Der Vorstand des Sportvereins Purzelbaum e.V. hat beschlossen, ein gro\u00dfes Sportfest zu organisieren. Der Vorstandsvorsitzende, Tobi Sparfuchs, hat den Auftrag, ein gro\u00dfes Zelt fu\u0308r die Veranstaltung zu mieten.<\/p>\n\n\n\n<div style=\"height:50px\" aria-hidden=\"true\" class=\"wp-block-spacer\"><\/div>\n\n\n\n<p><strong>1. Haftung bei ordnungsgem\u00e4\u00dfer Ausu\u0308bung der Aufgaben<\/strong><\/p>\n\n\n\n<p>Sparfuchs schlie\u00dft einen Mietvertrag fu\u0308r das Zelt ab, aber am Tag der Veranstaltung kommt es zu einem Sturm, der das Zelt besch\u00e4digt. Der Vermieter des Zeltes verlangt nun Schadensersatz.<br><br>Hier handelt es sich um ein unvorhersehbares Ereignis (den Sturm). Der Vorstandsvorsitzende hat bei der Anmietung des Zeltes im Rahmen seiner satzungsgem\u00e4\u00dfen Aufgaben gehandelt und den Vertrag im Namen des Vereins abgeschlossen. Der Vorstand handelt hier nicht pers\u00f6nlich haftbar, sondern die Haftung liegt beim Verein.<\/p>\n\n\n\n<div style=\"height:50px\" aria-hidden=\"true\" class=\"wp-block-spacer\"><\/div>\n\n\n\n<p><strong>2. Haftung im Fall eigenm\u00e4chtiger Entscheidung<\/strong><\/p>\n\n\n\n<p>Sparfuchs hat das Zelt bei einer Firma gemietet, die bekannt dafu\u0308r ist, seit einiger Zeit unzuverl\u00e4ssige und mangelhafte Zelte zu liefern. Trotz Warnungen anderer Vorstandsmitglieder und Mitgliedern des Vereins hat Sparfuchs sich fu\u0308r diese Firma entschieden, um Geld zu sparen. Das Zelt bricht w\u00e4hrend der Veranstaltung zusammen und verletzt mehrere Besucher.<br><br>Hier k\u00f6nnte der Vorstandsvorsitzende pers\u00f6nlich haftbar gemacht werden. Er hat die Warnungen ignoriert und bewusst eine unsichere Entscheidung getroffen; er handelte insofern grob fahrl\u00e4ssig. Seine Pflichtverletzung fu\u0308hrt dazu, dass er pers\u00f6nlich (vom Verein oder den verletzten Personen) fu\u0308r die entstandenen Sch\u00e4den haftbar gemacht werden kann.<\/p>\n\n\n\n<div style=\"height:50px\" aria-hidden=\"true\" class=\"wp-block-spacer\"><\/div>\n","protected":false},"excerpt":{"rendered":"<p>Vorstandshaftung bedeutet, dass Vorstandsmitglieder fu\u0308r Sch\u00e4den, die sie durch ihr Handeln oder Unterlassen in vereinsamtlicher Eigenschaft und im inneren Zusammenhang mit dem Aufgabenkreis verursachen, pers\u00f6nlich zur Verantwortung gezogen werden k\u00f6nnen. Dies gilt sowohl fu\u0308r materielle als auch fu\u0308r immaterielle Sch\u00e4den. Und wer das weite Feld der Vorstandspflichten kennt, wei\u00df, wie schnell auch den besten und flei\u00dfigsten Vorst\u00e4nden ein Fehler unterlaufen kann. Wo die Gefahren lauern und welche gesetzlichen Haftungsregelungen gelten, haben wir hier zusammengefasst.<\/p>\n","protected":false},"author":13,"featured_media":2515,"comment_status":"closed","ping_status":"closed","sticky":false,"template":"","format":"standard","meta":{"_acf_changed":false,"_seopress_robots_primary_cat":"none","_seopress_titles_title":"","_seopress_titles_desc":"","_seopress_robots_index":"","footnotes":""},"categories":[28,30],"tags":[],"class_list":{"0":"post-2511","1":"post","2":"type-post","3":"status-publish","4":"format-standard","5":"has-post-thumbnail","7":"category-haftung-versicherung","8":"category-vereinsorgane-rollen"},"acf":[],"fimg_url":"https:\/\/benedetto.deutsches-ehrenamt.de\/app\/uploads\/2024\/09\/grundlagen-der-vorstandshaftung-768x480.png","fimg_alt_text":"","_links":{"self":[{"href":"https:\/\/benedetto.deutsches-ehrenamt.de\/vereinsmagazin\/wp-json\/wp\/v2\/posts\/2511","targetHints":{"allow":["GET"]}}],"collection":[{"href":"https:\/\/benedetto.deutsches-ehrenamt.de\/vereinsmagazin\/wp-json\/wp\/v2\/posts"}],"about":[{"href":"https:\/\/benedetto.deutsches-ehrenamt.de\/vereinsmagazin\/wp-json\/wp\/v2\/types\/post"}],"author":[{"embeddable":true,"href":"https:\/\/benedetto.deutsches-ehrenamt.de\/vereinsmagazin\/wp-json\/wp\/v2\/users\/13"}],"replies":[{"embeddable":true,"href":"https:\/\/benedetto.deutsches-ehrenamt.de\/vereinsmagazin\/wp-json\/wp\/v2\/comments?post=2511"}],"version-history":[{"count":5,"href":"https:\/\/benedetto.deutsches-ehrenamt.de\/vereinsmagazin\/wp-json\/wp\/v2\/posts\/2511\/revisions"}],"predecessor-version":[{"id":3449,"href":"https:\/\/benedetto.deutsches-ehrenamt.de\/vereinsmagazin\/wp-json\/wp\/v2\/posts\/2511\/revisions\/3449"}],"wp:featuredmedia":[{"embeddable":true,"href":"https:\/\/benedetto.deutsches-ehrenamt.de\/vereinsmagazin\/wp-json\/wp\/v2\/media\/2515"}],"wp:attachment":[{"href":"https:\/\/benedetto.deutsches-ehrenamt.de\/vereinsmagazin\/wp-json\/wp\/v2\/media?parent=2511"}],"wp:term":[{"taxonomy":"category","embeddable":true,"href":"https:\/\/benedetto.deutsches-ehrenamt.de\/vereinsmagazin\/wp-json\/wp\/v2\/categories?post=2511"},{"taxonomy":"post_tag","embeddable":true,"href":"https:\/\/benedetto.deutsches-ehrenamt.de\/vereinsmagazin\/wp-json\/wp\/v2\/tags?post=2511"}],"curies":[{"name":"wp","href":"https:\/\/api.w.org\/{rel}","templated":true}]}}