{"id":255,"date":"2022-03-14T14:58:42","date_gmt":"2022-03-14T14:58:42","guid":{"rendered":"https:\/\/benedetto.deutsches-ehrenamt.de\/?p=255"},"modified":"2022-04-07T13:39:11","modified_gmt":"2022-04-07T13:39:11","slug":"filmvorfuehrung-im-verein","status":"publish","type":"post","link":"https:\/\/benedetto.deutsches-ehrenamt.de\/vereinsmagazin\/filmvorfuehrung-im-verein\/","title":{"rendered":"Filmvorf\u00fchrungen im Verein"},"content":{"rendered":"\n<p>Nach der Legaldefinition des \u00a7 15 Abs. 3 UrhG ist die Wiedergabe eines Werkes&nbsp;<strong>grunds\u00e4tzlich \u00f6ffentlich<\/strong>, wenn sie f\u00fcr eine Mehrzahl von Personen bestimmt ist. F\u00fcr diese Bestimmung gibt es jedoch eine Ausnahme: Eine Vorf\u00fchrung ist dann nicht \u00f6ffentlich, wenn \u201eder Kreis dieser Personen bestimmt abgegrenzt ist und sie durch gegenseitige Beziehungen zum Veranstalter pers\u00f6nlich untereinander verbunden sind\u201c. (\u00a7 15, Abs. 3. UrhG)<\/p>\n\n\n\n<p>In dieser Legaldefinition gibt es einen Grundsatz, dass in jedem Fall einer Vorf\u00fchrung von einer Mehrzahl von Personen ausgegangen wird. Deshalb liegt die Beweispflicht daf\u00fcr, dass es sich bei einer Vorf\u00fchrung nicht um eine \u00f6ffentliche Vorf\u00fchrung gehandelt hat, im Streitfalle bei dem vorf\u00fchrenden Verein, dem eine unrechtm\u00e4\u00dfige \u00f6ffentliche Vorf\u00fchrung vorgeworfen wird.<\/p>\n\n\n\n<blockquote class=\"wp-block-quote is-layout-flow wp-block-quote-is-layout-flow\"><p>Somit m\u00fcssen Sie als Vorstand beweisen k\u00f6nnen, dass die Filmvorf\u00fchrung im Verein nicht \u00f6ffentlich ist.<\/p><\/blockquote>\n\n\n\n<h3 class=\"wp-block-heading\">WIEDERGABERECHT LIEGT BEIM URHEBER<\/h3>\n\n\n\n<p>Auch in \u00a7 53 UrhG wird festgehalten, dass selbst bei in unzul\u00e4ssiger Weise, n\u00e4mlich zum privaten Gebrauch hergestellten Vervielf\u00e4ltigungsst\u00fccken das Recht zur \u00f6ffentlichen Wiedergabe beim Urheber verbleibt (\u00a7 15, Abs.2). Dieses Recht kann er ebenso wie andere Nutzungsrechte einem Anderen ganz oder teilweise einr\u00e4umen (\u00a7 31). Bei Filmwerken ist es \u00fcblich, dass der oder die Urheber (Autor, Regisseur, Schauspieler etc.) ihre Rechte vertraglich dem Produzenten \u00fcbertragen, der sie angemessen an den Erl\u00f6sen aus der Verwertung des Filmes beteiligt. Der Produzent wiederum kann die Nutzungsrechte an einen oder mehrere Filmvertriebe in Form von Lizenzvertr\u00e4gen weitergeben. Der Filmvertrieb hat damit z. B. das Recht, die \u00f6ffentliche Filmvorf\u00fchrung im Verein zu genehmigen.<\/p>\n\n\n\n<h3 class=\"wp-block-heading\">WIEDERGABERECHT LIEGT BEIM URHEBER<\/h3>\n\n\n\n<p>m Gegensatz zu anderen urheberrechtlich gesch\u00fctzten Werken, f\u00fcr die es Ausnahmegenehmigungen gibt (z. B. f\u00fcr Schulveranstaltungen) (\u00a7 52, Abs. 1 und 2 UrhG), d\u00fcrfen (Spiel) Filme nur mit Einwilligung des Berechtigten \u00f6ffentlich vorgef\u00fchrt werden (\u00a7 52, Abs.3). Werben Sie \u00f6ffentlich f\u00fcr die Vorf\u00fchrung, w\u00e4re die Veranstaltung somit \u00f6ffentlich, der eingeladene Personenkreis ist nicht bestimmt und daher nicht gen\u00fcgend abgegrenzt.<\/p>\n\n\n\n<p>Ein Verein kann f\u00fcr die Vorf\u00fchrung von Filmen sogenannte Schirmlizenzen erwerben. Dazu m\u00fcssten Sie herausfinden, bei welchem Rechteh\u00e4ndler die Filmrechte liegen. Es gibt Agenturen, die diese Vermarktung vornehmen.<\/p>\n\n\n\n<p>Werben Sie nicht f\u00fcr die Filmvorf\u00fchrung im Verein, sondern zeigen Sie die Filme ausschlie\u00dflich einem bestimmten Personenkreis in einem nicht-\u00f6ffentlichen Raum, w\u00e4re die Vorf\u00fchrung nicht \u00f6ffentlich und k\u00f6nnte ohne den weiteren Erwerb von Lizenzen durchgef\u00fchrt werden.<\/p>\n","protected":false},"excerpt":{"rendered":"<p>Verst\u00f6\u00dft ein Verein gegen das Urheberrecht, wenn er einen Kinofilm vorf\u00fchrt?<\/p>\n<p>WAS BEI DER FILMVORF\u00dcHRUNG IM VEREIN ZU BEACHTEN IST\u2026<br \/>\nBei der Beantwortung dieser Frage kommt es entscheidend darauf an, ob die Filmvorf\u00fchrung im Verein \u00f6ffentlich oder nicht-\u00f6ffentlich erfolgt.<\/p>\n","protected":false},"author":3,"featured_media":149,"comment_status":"open","ping_status":"open","sticky":false,"template":"","format":"standard","meta":{"_acf_changed":false,"_seopress_robots_primary_cat":"","_seopress_titles_title":"","_seopress_titles_desc":"","_seopress_robots_index":"","footnotes":""},"categories":[4],"tags":[18,39,14],"class_list":{"0":"post-255","1":"post","2":"type-post","3":"status-publish","4":"format-standard","5":"has-post-thumbnail","7":"category-steuern-finanzen","8":"tag-steuern-und-finanzen","9":"tag-urheberrecht","10":"tag-vereinsfuehrung"},"acf":[],"fimg_url":"https:\/\/benedetto.deutsches-ehrenamt.de\/app\/uploads\/2022\/02\/justizia-768x512.jpg","fimg_alt_text":"Justizia","_links":{"self":[{"href":"https:\/\/benedetto.deutsches-ehrenamt.de\/vereinsmagazin\/wp-json\/wp\/v2\/posts\/255","targetHints":{"allow":["GET"]}}],"collection":[{"href":"https:\/\/benedetto.deutsches-ehrenamt.de\/vereinsmagazin\/wp-json\/wp\/v2\/posts"}],"about":[{"href":"https:\/\/benedetto.deutsches-ehrenamt.de\/vereinsmagazin\/wp-json\/wp\/v2\/types\/post"}],"author":[{"embeddable":true,"href":"https:\/\/benedetto.deutsches-ehrenamt.de\/vereinsmagazin\/wp-json\/wp\/v2\/users\/3"}],"replies":[{"embeddable":true,"href":"https:\/\/benedetto.deutsches-ehrenamt.de\/vereinsmagazin\/wp-json\/wp\/v2\/comments?post=255"}],"version-history":[{"count":4,"href":"https:\/\/benedetto.deutsches-ehrenamt.de\/vereinsmagazin\/wp-json\/wp\/v2\/posts\/255\/revisions"}],"predecessor-version":[{"id":737,"href":"https:\/\/benedetto.deutsches-ehrenamt.de\/vereinsmagazin\/wp-json\/wp\/v2\/posts\/255\/revisions\/737"}],"wp:featuredmedia":[{"embeddable":true,"href":"https:\/\/benedetto.deutsches-ehrenamt.de\/vereinsmagazin\/wp-json\/wp\/v2\/media\/149"}],"wp:attachment":[{"href":"https:\/\/benedetto.deutsches-ehrenamt.de\/vereinsmagazin\/wp-json\/wp\/v2\/media?parent=255"}],"wp:term":[{"taxonomy":"category","embeddable":true,"href":"https:\/\/benedetto.deutsches-ehrenamt.de\/vereinsmagazin\/wp-json\/wp\/v2\/categories?post=255"},{"taxonomy":"post_tag","embeddable":true,"href":"https:\/\/benedetto.deutsches-ehrenamt.de\/vereinsmagazin\/wp-json\/wp\/v2\/tags?post=255"}],"curies":[{"name":"wp","href":"https:\/\/api.w.org\/{rel}","templated":true}]}}