{"id":2596,"date":"2024-10-17T16:20:35","date_gmt":"2024-10-17T14:20:35","guid":{"rendered":"https:\/\/benedetto.deutsches-ehrenamt.de\/vereinsmagazin\/?p=2596"},"modified":"2024-11-22T14:33:17","modified_gmt":"2024-11-22T13:33:17","slug":"darf-die-vorstandswahl-verschoben-werden","status":"publish","type":"post","link":"https:\/\/benedetto.deutsches-ehrenamt.de\/vereinsmagazin\/darf-die-vorstandswahl-verschoben-werden\/","title":{"rendered":"Darf die Vorstandswahl verschoben werden?"},"content":{"rendered":"\n<p>Antwort: &#8222;Es ist nicht m\u00f6glich, die Amtsdauer des Vorstands hinauszuz\u00f6gern. Die Satzung Ihres<br>Vereins schreibt vor, dass die Wahl des Vorstands alle zwei Jahre erfolgen muss.<br>Selbst wenn in der Satzung geregelt ist, dass der alte Vorstand so lange im Amt bleibt,<br>bis ein neuer gew\u00e4hlt wurde, darf diese \u00dcbergangszeit nicht zweckwidrig in die L\u00e4nge<br>gezogen werden. Sie sollten daher &#8211; wie in der Satzung vorgesehen &#8211; einen neuen<br>Vorstand w\u00e4hlen.&#8220;<\/p>\n\n\n\n<div style=\"height:50px\" aria-hidden=\"true\" class=\"wp-block-spacer\"><\/div>\n\n\n\n<p><strong>Lentze . Stopper Rechtsanw\u00e4lte<\/strong><\/p>\n\n\n\n<p>Ist eine auf das Vereins- und Sportrecht spezialisierte Rechtsanwaltskanzlei mit Sitz in M\u00fcnchen und Berlin. Lentze Stopper bietet alle relevanten Dienstleistungen im Kontext des Profi- und Amateursports. Dabei ber\u00e4t Lentze Stopper eine Vielzahl an internationalen und nationalen Verb\u00e4nden, Ligen sowie unterschiedliche Vereine.<\/p>\n","protected":false},"excerpt":{"rendered":"<p>Frage: &#8222;In acht Wochen steht die Hauptversammlung an, in der satzungsgem\u00e4\u00df der Vorstand nach zwei Jahren Amtszeit neu gew\u00e4hlt werden muss. Der aktuell amtierende Vorstand m\u00f6chte die Wahl aber um ca. neun Monate verschieben, um ein aktuell laufendes Projekt noch abzuschlie\u00dfen. D\u00fcrfen wir die Wahl verschieben, bis das Projekt abgeschlossen ist?&#8220;<\/p>\n","protected":false},"author":2,"featured_media":2341,"comment_status":"closed","ping_status":"closed","sticky":false,"template":"","format":"standard","meta":{"_acf_changed":false,"_seopress_robots_primary_cat":"none","_seopress_titles_title":"Vorstandswahl verschieben - Ist das m\u00f6glich?","_seopress_titles_desc":"Erfahren Sie hier von einem Rechtsanwalt, ob die Wahl eines Vereinsvorstands in Ausnahmef\u00e4llen verschoben werden kann.","_seopress_robots_index":"","footnotes":""},"categories":[13],"tags":[],"class_list":{"0":"post-2596","1":"post","2":"type-post","3":"status-publish","4":"format-standard","5":"has-post-thumbnail","7":"category-vereinsfuehrung"},"acf":[],"fimg_url":"https:\/\/benedetto.deutsches-ehrenamt.de\/app\/uploads\/2024\/06\/2024-06-deh-abstimmung-768x480.png","fimg_alt_text":"","_links":{"self":[{"href":"https:\/\/benedetto.deutsches-ehrenamt.de\/vereinsmagazin\/wp-json\/wp\/v2\/posts\/2596","targetHints":{"allow":["GET"]}}],"collection":[{"href":"https:\/\/benedetto.deutsches-ehrenamt.de\/vereinsmagazin\/wp-json\/wp\/v2\/posts"}],"about":[{"href":"https:\/\/benedetto.deutsches-ehrenamt.de\/vereinsmagazin\/wp-json\/wp\/v2\/types\/post"}],"author":[{"embeddable":true,"href":"https:\/\/benedetto.deutsches-ehrenamt.de\/vereinsmagazin\/wp-json\/wp\/v2\/users\/2"}],"replies":[{"embeddable":true,"href":"https:\/\/benedetto.deutsches-ehrenamt.de\/vereinsmagazin\/wp-json\/wp\/v2\/comments?post=2596"}],"version-history":[{"count":5,"href":"https:\/\/benedetto.deutsches-ehrenamt.de\/vereinsmagazin\/wp-json\/wp\/v2\/posts\/2596\/revisions"}],"predecessor-version":[{"id":2630,"href":"https:\/\/benedetto.deutsches-ehrenamt.de\/vereinsmagazin\/wp-json\/wp\/v2\/posts\/2596\/revisions\/2630"}],"wp:featuredmedia":[{"embeddable":true,"href":"https:\/\/benedetto.deutsches-ehrenamt.de\/vereinsmagazin\/wp-json\/wp\/v2\/media\/2341"}],"wp:attachment":[{"href":"https:\/\/benedetto.deutsches-ehrenamt.de\/vereinsmagazin\/wp-json\/wp\/v2\/media?parent=2596"}],"wp:term":[{"taxonomy":"category","embeddable":true,"href":"https:\/\/benedetto.deutsches-ehrenamt.de\/vereinsmagazin\/wp-json\/wp\/v2\/categories?post=2596"},{"taxonomy":"post_tag","embeddable":true,"href":"https:\/\/benedetto.deutsches-ehrenamt.de\/vereinsmagazin\/wp-json\/wp\/v2\/tags?post=2596"}],"curies":[{"name":"wp","href":"https:\/\/api.w.org\/{rel}","templated":true}]}}