{"id":2657,"date":"2024-11-22T14:33:06","date_gmt":"2024-11-22T13:33:06","guid":{"rendered":"https:\/\/benedetto.deutsches-ehrenamt.de\/vereinsmagazin\/?p=2657"},"modified":"2024-11-22T15:11:15","modified_gmt":"2024-11-22T14:11:15","slug":"darf-das-vorstandsamt-voruebergehend-ruhen","status":"publish","type":"post","link":"https:\/\/benedetto.deutsches-ehrenamt.de\/vereinsmagazin\/darf-das-vorstandsamt-voruebergehend-ruhen\/","title":{"rendered":"Darf das Vorstandsamt vor\u00fcbergehend ruhen?"},"content":{"rendered":"\n<p>Antwort: &#8222;Ein vor\u00fcbergehendes Ruhenlassen des Vorstandsamts kennt das Vereinsrecht nicht. Nach \u00a7 27 Abs. 3 in Verbindung mit \u00a7 662 BGB verpflichtet sich der Vorstand, mit der Annahme seiner Wahl, die Vorstandst\u00e4tigkeit wahrzunehmen. Diese T\u00e4tigkeit stellt die Hauptpflicht dar. Hier muss er mit der im Verkehr erforderlichen Sorgfalt die Interessen des Vereins vertreten.<\/p>\n\n\n\n<p>W\u00fcrde f\u00fcr den Vorstand die M\u00f6glichkeit bestehen, sein Amt \u00bbruhen zu lassen\u00ab, best\u00fcnde die Gefahr, dass der Verein ohne aktiven Vorstand nicht mehr handlungsf\u00e4hig ist. Dies w\u00fcrde dem Sinn und Zweck des Vorstandsamtes widersprechen.&#8220;<\/p>\n\n\n\n<div style=\"height:50px\" aria-hidden=\"true\" class=\"wp-block-spacer\"><\/div>\n\n\n\n<p><strong>Lentze . Stopper Rechtsanw\u00e4lte<\/strong><\/p>\n\n\n\n<p>Ist eine auf das Vereins- und Sportrecht spezialisierte Rechtsanwaltskanzlei mit Sitz in M\u00fcnchen und Berlin. Lentze Stopper bietet alle relevanten Dienstleistungen im Kontext des Profi- und Amateursports. Dabei ber\u00e4t Lentze Stopper eine Vielzahl an internationalen und nationalen Verb\u00e4nden, Ligen sowie unterschiedliche Vereine.<\/p>\n","protected":false},"excerpt":{"rendered":"<p>Frage: &#8222;Mein Stellvertreter und 2. Vorsitzende des Vereins m\u00f6chte sein Amt f\u00fcr ein halbes Jahr ruhen lassen, da er beruflich f\u00fcr diese Zeit ins Ausland muss und aufgrund der Zeitverschiebung das Amt nicht aus\u00fcben kann. Ist das \u00fcberhaupt m\u00f6glich?&#8220;<\/p>\n","protected":false},"author":2,"featured_media":2526,"comment_status":"closed","ping_status":"closed","sticky":false,"template":"","format":"standard","meta":{"_acf_changed":false,"_seopress_robots_primary_cat":"none","_seopress_titles_title":"","_seopress_titles_desc":"","_seopress_robots_index":"","footnotes":""},"categories":[13],"tags":[],"class_list":{"0":"post-2657","1":"post","2":"type-post","3":"status-publish","4":"format-standard","5":"has-post-thumbnail","7":"category-vereinsfuehrung"},"acf":[],"fimg_url":"https:\/\/benedetto.deutsches-ehrenamt.de\/app\/uploads\/2024\/09\/exkurs-geschaeftsfuehrer-768x480.png","fimg_alt_text":"Exkurs Gesch\u00e4ftsf\u00fchrung","_links":{"self":[{"href":"https:\/\/benedetto.deutsches-ehrenamt.de\/vereinsmagazin\/wp-json\/wp\/v2\/posts\/2657","targetHints":{"allow":["GET"]}}],"collection":[{"href":"https:\/\/benedetto.deutsches-ehrenamt.de\/vereinsmagazin\/wp-json\/wp\/v2\/posts"}],"about":[{"href":"https:\/\/benedetto.deutsches-ehrenamt.de\/vereinsmagazin\/wp-json\/wp\/v2\/types\/post"}],"author":[{"embeddable":true,"href":"https:\/\/benedetto.deutsches-ehrenamt.de\/vereinsmagazin\/wp-json\/wp\/v2\/users\/2"}],"replies":[{"embeddable":true,"href":"https:\/\/benedetto.deutsches-ehrenamt.de\/vereinsmagazin\/wp-json\/wp\/v2\/comments?post=2657"}],"version-history":[{"count":4,"href":"https:\/\/benedetto.deutsches-ehrenamt.de\/vereinsmagazin\/wp-json\/wp\/v2\/posts\/2657\/revisions"}],"predecessor-version":[{"id":2688,"href":"https:\/\/benedetto.deutsches-ehrenamt.de\/vereinsmagazin\/wp-json\/wp\/v2\/posts\/2657\/revisions\/2688"}],"wp:featuredmedia":[{"embeddable":true,"href":"https:\/\/benedetto.deutsches-ehrenamt.de\/vereinsmagazin\/wp-json\/wp\/v2\/media\/2526"}],"wp:attachment":[{"href":"https:\/\/benedetto.deutsches-ehrenamt.de\/vereinsmagazin\/wp-json\/wp\/v2\/media?parent=2657"}],"wp:term":[{"taxonomy":"category","embeddable":true,"href":"https:\/\/benedetto.deutsches-ehrenamt.de\/vereinsmagazin\/wp-json\/wp\/v2\/categories?post=2657"},{"taxonomy":"post_tag","embeddable":true,"href":"https:\/\/benedetto.deutsches-ehrenamt.de\/vereinsmagazin\/wp-json\/wp\/v2\/tags?post=2657"}],"curies":[{"name":"wp","href":"https:\/\/api.w.org\/{rel}","templated":true}]}}