{"id":2730,"date":"2025-02-18T09:00:17","date_gmt":"2025-02-18T08:00:17","guid":{"rendered":"https:\/\/benedetto.deutsches-ehrenamt.de\/vereinsmagazin\/?p=2730"},"modified":"2025-02-18T09:00:40","modified_gmt":"2025-02-18T08:00:40","slug":"das-barrierefreiheitsstaerkungsgesetz","status":"publish","type":"post","link":"https:\/\/benedetto.deutsches-ehrenamt.de\/vereinsmagazin\/das-barrierefreiheitsstaerkungsgesetz\/","title":{"rendered":"Das Barrierefreiheitsst\u00e4rkungsgesetz"},"content":{"rendered":"\n<p>Ab Mitte des Jahres gilt also, dass Webseiten und Apps f\u00fcr alle Nutzerinnen und Nutzer ohne Einschr\u00e4nkungen zug\u00e4nglich und nutzbar sind. Das ist sinnvoll. Denn warum sollten Menschen, die ein Handicap haben nicht genauso leicht Zugang zu digitalen Angeboten haben, wie Personen ohne. Das Gesetz sorgt daf\u00fcr, dass digitale Angebote k\u00fcnftig so gestaltet sind, dass sie von allen Menschen genutzt werden k\u00f6nnen \u2013 unabh\u00e4ngig von individuellen F\u00e4higkeiten oder Einschr\u00e4nkungen wie visuellen, auditiven, kognitiven und motorischen Beeintr\u00e4chtigungen.<\/p>\n\n\n\n<p>Bei der Gestaltung digitaler Angebote m\u00fcssen unter anderem folgende Kriterien ber\u00fccksichtigt werden:<\/p>\n\n\n\n<div style=\"height:25px\" aria-hidden=\"true\" class=\"wp-block-spacer\"><\/div>\n\n\n\n<ul class=\"wp-block-list\">\n<li style=\"font-size:17px\">eine klare Struktur der Inhalte,<\/li>\n\n\n\n<li style=\"font-size:17px\">alternative Texte f\u00fcr Bilder,<\/li>\n\n\n\n<li style=\"font-size:17px\">Untertitel f\u00fcr Videos,<\/li>\n\n\n\n<li style=\"font-size:17px\">eine einfache Bedienung der Webseite und<\/li>\n\n\n\n<li style=\"font-size:17px\">die Kompatibilit\u00e4t mit unterst\u00fctzenden Technologien wie Screenreadern<\/li>\n<\/ul>\n\n\n\n<p>So ungelenk und sperrig der Name des Gesetzes auch klingen mag, so hilfreich ist es. Nicht nur f\u00fcr die Nutzer von Websites und Apps, sondern auch f\u00fcr deren Anbieter. Denn mit Barrierefreiheit erweitert sich die Zielgruppe, es wird mehr Teilhabe erm\u00f6glicht und die Reichweite des Vereins werden erh\u00f6ht. Au\u00dferdem belohnen Suchmaschinen barrierefreie Webseiten, indem sie diese prominenter in den Suchergebnissen erscheinen lassen.<\/p>\n\n\n\n<div style=\"height:51px\" aria-hidden=\"true\" class=\"wp-block-spacer\"><\/div>\n\n\n\n<h2 class=\"wp-block-heading\"><strong>F\u00fcr welche Vereine gilt das Gesetz?<\/strong><\/h2>\n\n\n\n<p>Ob ein Verein zur digitalen Barrierefreiheit verpflichtet ist, h\u00e4ngt davon ab, welche Dienstleistungen oder Produkte auf der Webseite angeboten werden. Sie sollten pr\u00fcfen, ob Ihr Verein kostenpflichtige Leistungen oder Funktionen anbietet, die Verbraucher zum Abschluss eines entgeltlichen Vertrags anregen sollen. Wenn das der Fall ist, f\u00e4llt er in den Anwendungsbereich des Gesetzes.<\/p>\n\n\n\n<p>Vor dem Ausstellen der Zuwendungsbescheinigung sollte erst R\u00fccksprache mit dem Finanzamt gehalten werden, um auszuschlie\u00dfen, dass es bei einer Pr\u00fcfung durch das Finanzamt zur Beanstandung, bzw. Spendenhaftung kommt.<\/p>\n\n\n\n<div style=\"height:51px\" aria-hidden=\"true\" class=\"wp-block-spacer\"><\/div>\n\n\n\n<h2 class=\"wp-block-heading\"><strong>Welche Vereine sind ausgenommen?<\/strong><\/h2>\n\n\n\n<p>Unabh\u00e4ngig von den auf der Webseite angebotenen Dienstleistungen oder Produkten, sind Vereine mit weniger als zehn Besch\u00e4ftigten und einem Jahresumsatz unter 2 Millionen Euro vom BFSG ausgenommen. Dabei z\u00e4hlen Vollzeitbesch\u00e4ftigte als ganze Einheit, Teilzeitbesch\u00e4ftigte anteilig und ehrenamtliche Mitarbeiter \u00fcberhaupt nicht.<\/p>\n\n\n\n<div style=\"height:51px\" aria-hidden=\"true\" class=\"wp-block-spacer\"><\/div>\n\n\n\n<h2 class=\"wp-block-heading\"><strong><strong>Rechtliche Folgen bei Verst\u00f6\u00dfen<\/strong><\/strong><\/h2>\n\n\n\n<p>Die Einhaltung der BFSG-Anforderungen wird von den Markt\u00fcberwachungsbeh\u00f6rden der Bundesl\u00e4nder stichprobenm\u00e4\u00dfig kontrolliert. Bei Verst\u00f6\u00dfen kann die Beh\u00f6rde den Verein zun\u00e4chst auffordern, seine Webseite barrierefrei zu gestalten. Nur bei schwerwiegenden oder wiederholten Verst\u00f6\u00dfen drohen Bu\u00dfgelder, die je nach Umfang und Anzahl der Betroffenen bis zu 100.000 Euro betragen k\u00f6nnen.<\/p>\n\n\n\n<p>In der Regel haftet bei Ordnungswidrigkeiten der Verein als juristische Person. In Ausnahmef\u00e4llen kann jedoch auch eine pers\u00f6nliche Haftung von Vorstandsmitgliedern m\u00f6glich sein. Da viele Akteure betroffen sind, k\u00f6nnte es \u2013 \u00e4hnlich wie bei der DSGVO \u2013 anfangs zu einem \u201eSlow Start\u201c bei der Durchsetzung kommen.<\/p>\n\n\n\n<div style=\"height:51px\" aria-hidden=\"true\" class=\"wp-block-spacer\"><\/div>\n\n\n\n<h2 class=\"wp-block-heading\"><strong><strong><strong>Unser Tipp:<\/strong><\/strong><\/strong><\/h2>\n\n\n\n<h3 class=\"wp-block-heading\"><strong><strong><strong><strong>1. Pr\u00fcfung der Betroffenheit<\/strong><\/strong><\/strong><\/strong><\/h3>\n\n\n\n<p>Vereine sollten pr\u00fcfen, ob sie ab dem 28. Juni 2025 von den Anforderungen des BFSG betroffen sind. Dies betrifft insbesondere den elektronischen Gesch\u00e4ftsverkehr, sodass eine genaue Analyse der eigenen Dienstleistungen und Onlineangebote notwendig ist.<\/p>\n\n\n\n<h3 class=\"wp-block-heading\"><strong><strong><strong><strong><strong>2. Fr\u00fchzeitig Ma\u00dfnahmen ergreifen<\/strong><\/strong><\/strong><\/strong><\/strong><\/h3>\n\n\n\n<p>Vereine, die wahrscheinlich in den Anwendungsbereich des BFSG fallen, sollten proaktive Schritte zur Umsetzung der Anforderungen einleiten. Da es sich um ein neues und komplexes Themenfeld handelt, ist es sinnvoll, fr\u00fchzeitig mit der Planung und Umsetzung zu beginnen.<\/p>\n\n\n\n<h3 class=\"wp-block-heading\"><strong><strong><strong><strong><strong><strong>3. Informiert bleiben<\/strong><\/strong><\/strong><\/strong><\/strong><\/strong><\/h3>\n\n\n\n<p>Auch Vereine, die derzeit nicht verpflichtet sind, barrierefreie Webseiten zu gestalten, sollten die Entwicklungen des BFSG im Auge behalten. Es besteht die M\u00f6glichkeit, dass die Anforderungen in Zukunft ausgeweitet werden, weshalb eine fortlaufende Beobachtung der rechtlichen Rahmenbedingungen empfehlenswert ist.<\/p>\n\n\n\n<h3 class=\"wp-block-heading\"><strong><strong><strong><strong><strong><strong><strong>4. Technisches Know-How<\/strong><\/strong><\/strong><\/strong><\/strong><\/strong><\/strong><\/h3>\n\n\n\n<p>Die Realisierung digitaler Barrierefreiheit erfordert sowohl technisches Wissen als auch ein gutes Verst\u00e4ndnis f\u00fcr die Bed\u00fcrfnisse der Nutzer. Vereine sollten daher in Erw\u00e4gung ziehen, externe Dienstleister zu beauftragen, die Erfahrung mit barrierefreien Webauftritten haben.<\/p>\n\n\n\n<h3 class=\"wp-block-heading\"><strong><strong><strong><strong><strong><strong><strong><strong>5. Kontinuierliche Pflege<\/strong><\/strong><\/strong><\/strong><\/strong><\/strong><\/strong><\/strong><\/h3>\n\n\n\n<p>Es ist entscheidend, nicht nur bei der Erstellung, sondern auch bei der fortlaufenden Pflege der Inhalte sicherzustellen, dass die Webseite barrierefrei bleibt. Die regelm\u00e4\u00dfige \u00dcberpr\u00fcfung und Aktualisierung der Inhalte sollte Teil der Vereinsstrategie sein, um langfristig die Barrierefreiheit zu gew\u00e4hrleisten.<\/p>\n\n\n\n<div style=\"height:51px\" aria-hidden=\"true\" class=\"wp-block-spacer\"><\/div>\n\n\n\n<h2 class=\"wp-block-heading\">Vorteile einer barrierefreien Webseite f\u00fcr Vereine<\/h2>\n\n\n\n<ul class=\"wp-block-list\">\n<li>Erreichbarkeit f\u00fcr alle: Menschen mit Behinderungen erhalten uneingeschr\u00e4nkten Zugang zum Online-Angebot des Vereins.<\/li>\n\n\n\n<li>Gr\u00f6\u00dfere Zielgruppe: Barrierefreiheit f\u00f6rdert Teilhabe und kann die Reichweite des Vereins erh\u00f6hen.<\/li>\n\n\n\n<li>Bessere Auffindbarkeit in Suchmaschinen: Ma\u00dfnahmenzur Barrierefreiheit wirken sich oft positiv auf die Suchmaschinenoptimierung (SEO) der Webseite aus.<\/li>\n<\/ul>\n\n\n\n<div style=\"height:51px\" aria-hidden=\"true\" class=\"wp-block-spacer\"><\/div>\n\n\n\n<p><strong>Sie suchen Unterst\u00fctzung bei der Umsetzung?<br><\/strong>Dann empfehlen wir GRAND DIGITAL, unseren erfahrenen Partner f\u00fcr nachhaltige und barrierefreie digitale L\u00f6sungen.<\/p>\n\n\n\n<div style=\"height:20px\" aria-hidden=\"true\" class=\"wp-block-spacer\"><\/div>\n\n\n\n<div class=\"wp-block-buttons is-layout-flex wp-block-buttons-is-layout-flex\">\n<div class=\"wp-block-button\"><a class=\"wp-block-button__link wp-element-button\" href=\"https:\/\/grand-digital.de\/barrierefreiheit\/?utm_source=deh-link&amp;utm_medium=deh-link-barrierefreiheit\">Zu GRAND DIGITAL<\/a><\/div>\n<\/div>\n\n\n\n<div style=\"height:20px\" aria-hidden=\"true\" class=\"wp-block-spacer\"><\/div>\n","protected":false},"excerpt":{"rendered":"<p>Zum 28. Juni 2025 tritt das Barrierefreiheitsst\u00e4rkungsgesetz (BFSG) in Kraft und setzt die EU-Richtlinie des European Accessibility Act um, so dass europaweit einheitliche Regeln zur Barrierefreiheit gelten. Unternehmen und grunds\u00e4tzlich auch Vereine sind verpflichtet, die Vorgaben dieses Gesetzes zu erf\u00fcllen. Wozu das BFSG dient und unter welchen Voraussetzungen Ihr Verein das BFSG erf\u00fcllen muss, haben wir im Folgenden zusammengestellt.<\/p>\n","protected":false},"author":9,"featured_media":2734,"comment_status":"closed","ping_status":"closed","sticky":false,"template":"","format":"standard","meta":{"_acf_changed":false,"_seopress_robots_primary_cat":"none","_seopress_titles_title":"","_seopress_titles_desc":"","_seopress_robots_index":"","footnotes":""},"categories":[10,13],"tags":[],"class_list":{"0":"post-2730","1":"post","2":"type-post","3":"status-publish","4":"format-standard","5":"has-post-thumbnail","7":"category-news","8":"category-vereinsfuehrung"},"acf":[],"fimg_url":"https:\/\/benedetto.deutsches-ehrenamt.de\/app\/uploads\/2025\/02\/bfsg-850x500px-768x480.webp","fimg_alt_text":"","_links":{"self":[{"href":"https:\/\/benedetto.deutsches-ehrenamt.de\/vereinsmagazin\/wp-json\/wp\/v2\/posts\/2730","targetHints":{"allow":["GET"]}}],"collection":[{"href":"https:\/\/benedetto.deutsches-ehrenamt.de\/vereinsmagazin\/wp-json\/wp\/v2\/posts"}],"about":[{"href":"https:\/\/benedetto.deutsches-ehrenamt.de\/vereinsmagazin\/wp-json\/wp\/v2\/types\/post"}],"author":[{"embeddable":true,"href":"https:\/\/benedetto.deutsches-ehrenamt.de\/vereinsmagazin\/wp-json\/wp\/v2\/users\/9"}],"replies":[{"embeddable":true,"href":"https:\/\/benedetto.deutsches-ehrenamt.de\/vereinsmagazin\/wp-json\/wp\/v2\/comments?post=2730"}],"version-history":[{"count":5,"href":"https:\/\/benedetto.deutsches-ehrenamt.de\/vereinsmagazin\/wp-json\/wp\/v2\/posts\/2730\/revisions"}],"predecessor-version":[{"id":2771,"href":"https:\/\/benedetto.deutsches-ehrenamt.de\/vereinsmagazin\/wp-json\/wp\/v2\/posts\/2730\/revisions\/2771"}],"wp:featuredmedia":[{"embeddable":true,"href":"https:\/\/benedetto.deutsches-ehrenamt.de\/vereinsmagazin\/wp-json\/wp\/v2\/media\/2734"}],"wp:attachment":[{"href":"https:\/\/benedetto.deutsches-ehrenamt.de\/vereinsmagazin\/wp-json\/wp\/v2\/media?parent=2730"}],"wp:term":[{"taxonomy":"category","embeddable":true,"href":"https:\/\/benedetto.deutsches-ehrenamt.de\/vereinsmagazin\/wp-json\/wp\/v2\/categories?post=2730"},{"taxonomy":"post_tag","embeddable":true,"href":"https:\/\/benedetto.deutsches-ehrenamt.de\/vereinsmagazin\/wp-json\/wp\/v2\/tags?post=2730"}],"curies":[{"name":"wp","href":"https:\/\/api.w.org\/{rel}","templated":true}]}}