{"id":3567,"date":"2026-03-16T12:07:10","date_gmt":"2026-03-16T11:07:10","guid":{"rendered":"https:\/\/benedetto.deutsches-ehrenamt.de\/vereinsmagazin\/?p=3567"},"modified":"2026-03-16T12:07:10","modified_gmt":"2026-03-16T11:07:10","slug":"schadensfall-bei-leeren-kassen","status":"publish","type":"post","link":"https:\/\/benedetto.deutsches-ehrenamt.de\/vereinsmagazin\/schadensfall-bei-leeren-kassen\/","title":{"rendered":"Schadensfall bei leeren Kassen"},"content":{"rendered":"\n<div class=\"wp-block-group\"><div class=\"wp-block-group__inner-container is-layout-constrained wp-block-group-is-layout-constrained\">\n<h2 class=\"wp-block-heading\">Wer haftet?<\/h2>\n\n\n\n<p>Wenn ein Vereinsmitglied im Rahmen seiner T\u00e4tigkeit f\u00fcr den Verein einem Dritten einen Schaden zuf\u00fcgt, haftet zun\u00e4chst der Verein selbst (\u00a7 31 BGB). Das Mitglied handelt als \u201eErf\u00fcllungsgehilfe\u201c des Vereins und der Gesch\u00e4digte kann seine Forderung getrost gegen den Verein richten. Das Mitglied pers\u00f6nlich ist also raus, wenn der Schaden durch leichte Fahrl\u00e4ssigkeit entstanden ist. Wichtig zu beachten: Der Verein haftet nur, wenn der Schaden im Rahmen einer Vereinst\u00e4tigkeit entstanden ist.<\/p>\n\n\n\n<h2 class=\"wp-block-heading\">Verein pleite?<\/h2>\n\n\n\n<p>Der eingetragene Verein (e.V.) sowie der rechtsf\u00e4hige n.e.V. haften mit dem Vereinsverm\u00f6gen. Reichen die Mittel nicht aus, bleibt der Gesch\u00e4digte grunds\u00e4tzlich auf dem Schaden sitzen.<\/p>\n\n\n\n<p>Anders sieht es bei nicht rechtsf\u00e4higen n.e.V. (siehe Infokasten) aus. Hier k\u00f6nnen die handelnden Personen pers\u00f6nlich und gesamtschuldnerisch haften.<\/p>\n\n\n\n<p>Auch der Vorstand muss in diesem Fall nicht einspringen, da dem Vorstand keine Pflichtverletzung vorgeworfen werden kann, wenn ein Mitglied aus Versehen das Laptop vom Tisch wischt.<\/p>\n\n\n\n<h2 class=\"wp-block-heading\">Trotzdem nicht gut\u2026<\/h2>\n\n\n\n<p>Dass weder Vereinsmitglieder noch Vorstand f\u00fcr Schadensersatzzahlungen einspringen m\u00fcssen, die der Verein wegen klammer Kassen nicht vollst\u00e4ndig oder \u00fcberhaupt nicht leisten kann, ist eine gute Nachricht. Doch diejenigen, die auf dem Schaden sitzen bleiben sind sicher nicht sonderlich erfreut. Und in Zeiten von Social Media k\u00f6nnte ein hoch emotionaler und unsch\u00f6ner Post daf\u00fcr sorgen, dass der Verein in ein schlechtes Licht ger\u00fcckt wird.<\/p>\n\n\n\n<h2 class=\"wp-block-heading\">Risiken eind\u00e4mmen<\/h2>\n\n\n\n<p>Damit ein einzelner Schaden nicht zur Existenzfrage oder zum Social Media Desaster wird, hilft es enorm, mit dem richtigen Versicherungsschutz daf\u00fcr zu sorgen, dass Schadensersatzanspr\u00fcche von der Versicherung \u00fcbernommen werden. Der VereinsSchutzbrief ist hier eine gute und hilfreiche Option.<\/p>\n\n\n\n<h3 class=\"wp-block-heading\">Nicht rechtsf\u00e4hige Vereine sind die absolute Ausnahme!<\/h3>\n\n\n\n<p>Genau genommen sind es Gruppen, die ausschlie\u00dflich intern agieren und Dritten gegen\u00fcber \u00fcberhaupt nicht in Erscheinung treten, bspw.:<\/p>\n\n\n\n<ul class=\"wp-block-list\">\n<li>reine Zweckgemeinschaften ohne Au\u00dfenauftritt<\/li>\n\n\n\n<li>Stammtische<\/li>\n\n\n\n<li>kleine Arbeitsgruppen ohne Finanzen und ohne Au\u00dfenkontakte<\/li>\n\n\n\n<li>private Interessengruppe ohne Vertr\u00e4ge<\/li>\n<\/ul>\n<\/div><\/div>\n","protected":false},"excerpt":{"rendered":"<p>Wer \u00fcber Risiken und Haftung des Vereins nachdenkt, stellt sich fr\u00fcher oder sp\u00e4ter diese Fragen: Was passiert eigentlich, wenn der Verein Schadensersatz leisten muss, aber auf dem Vereinskonto nicht genug Geld ist? Muss am Ende das Mitglied zahlen, das den Schaden verursacht hat, oder muss sogar der Vorstand daf\u00fcr geradestehen?<br \/>\nUm den Fragen leichter auf den Grund zu gehen, hier ein Beispiel: Bei einer Vereinsveranstaltung st\u00f6\u00dft ein Mitglied versehentlich das Laptop eines WorkshopTeilnehmers vom Tisch. Der Gesch\u00e4digte schickt die Reparaturrechnung an den Verein und bittet um Zahlung.<\/p>\n","protected":false},"author":16,"featured_media":3590,"comment_status":"closed","ping_status":"closed","sticky":false,"template":"","format":"standard","meta":{"_acf_changed":false,"_seopress_robots_primary_cat":"none","_seopress_titles_title":"","_seopress_titles_desc":"","_seopress_robots_index":"","footnotes":""},"categories":[28,13],"tags":[],"class_list":{"0":"post-3567","1":"post","2":"type-post","3":"status-publish","4":"format-standard","5":"has-post-thumbnail","7":"category-haftung-versicherung","8":"category-vereinsfuehrung"},"acf":[],"fimg_url":"https:\/\/benedetto.deutsches-ehrenamt.de\/app\/uploads\/2026\/03\/benedetto-praxiswissen-schadensfall-und-kasse-leer-1-768x330.jpg","fimg_alt_text":"benedetto-praxiswissen-schadensfall-und-kasse-leer","_links":{"self":[{"href":"https:\/\/benedetto.deutsches-ehrenamt.de\/vereinsmagazin\/wp-json\/wp\/v2\/posts\/3567","targetHints":{"allow":["GET"]}}],"collection":[{"href":"https:\/\/benedetto.deutsches-ehrenamt.de\/vereinsmagazin\/wp-json\/wp\/v2\/posts"}],"about":[{"href":"https:\/\/benedetto.deutsches-ehrenamt.de\/vereinsmagazin\/wp-json\/wp\/v2\/types\/post"}],"author":[{"embeddable":true,"href":"https:\/\/benedetto.deutsches-ehrenamt.de\/vereinsmagazin\/wp-json\/wp\/v2\/users\/16"}],"replies":[{"embeddable":true,"href":"https:\/\/benedetto.deutsches-ehrenamt.de\/vereinsmagazin\/wp-json\/wp\/v2\/comments?post=3567"}],"version-history":[{"count":5,"href":"https:\/\/benedetto.deutsches-ehrenamt.de\/vereinsmagazin\/wp-json\/wp\/v2\/posts\/3567\/revisions"}],"predecessor-version":[{"id":3595,"href":"https:\/\/benedetto.deutsches-ehrenamt.de\/vereinsmagazin\/wp-json\/wp\/v2\/posts\/3567\/revisions\/3595"}],"wp:featuredmedia":[{"embeddable":true,"href":"https:\/\/benedetto.deutsches-ehrenamt.de\/vereinsmagazin\/wp-json\/wp\/v2\/media\/3590"}],"wp:attachment":[{"href":"https:\/\/benedetto.deutsches-ehrenamt.de\/vereinsmagazin\/wp-json\/wp\/v2\/media?parent=3567"}],"wp:term":[{"taxonomy":"category","embeddable":true,"href":"https:\/\/benedetto.deutsches-ehrenamt.de\/vereinsmagazin\/wp-json\/wp\/v2\/categories?post=3567"},{"taxonomy":"post_tag","embeddable":true,"href":"https:\/\/benedetto.deutsches-ehrenamt.de\/vereinsmagazin\/wp-json\/wp\/v2\/tags?post=3567"}],"curies":[{"name":"wp","href":"https:\/\/api.w.org\/{rel}","templated":true}]}}