{"id":376,"date":"2022-03-16T08:10:29","date_gmt":"2022-03-16T08:10:29","guid":{"rendered":"https:\/\/benedetto.deutsches-ehrenamt.de\/?p=376"},"modified":"2022-04-07T13:29:51","modified_gmt":"2022-04-07T13:29:51","slug":"amtsniederlegung","status":"publish","type":"post","link":"https:\/\/benedetto.deutsches-ehrenamt.de\/vereinsmagazin\/amtsniederlegung\/","title":{"rendered":"Amtsniederlegung"},"content":{"rendered":"\n<p>Die Amtsniederlegung bedeutet die K\u00fcndigung des mit dem Verein intern bestehenden auftrags\u00e4hnlichen Rechtsverh\u00e4ltnisses und damit das Ende der ohne diese Innenrechtsbeziehungen undenkbaren Organstellung. Sie ist bei entgeltlicher Vorstandst\u00e4tigkeit gem\u00e4\u00df \u00a7 626 BGB im Zweifel nur aus wichtigen Grund, bei ehrenamtlicher Vorstandst\u00e4tigkeit nach \u00a7 671 Abs. 1 BGB jederzeit m\u00f6glich (M\u00e4rkle, Der Verein im Zivil- und Steuerrecht, S.76).<\/p>\n","protected":false},"excerpt":{"rendered":"<p>Die Amtsniederlegung bedeutet die K\u00fcndigung des mit dem Verein intern bestehenden auftrags\u00e4hnlichen Rechtsverh\u00e4ltnisses und &#8230;<\/p>\n","protected":false},"author":3,"featured_media":129,"comment_status":"open","ping_status":"open","sticky":false,"template":"","format":"standard","meta":{"_acf_changed":false,"_seopress_robots_primary_cat":"","_seopress_titles_title":"","_seopress_titles_desc":"","_seopress_robots_index":"","footnotes":""},"categories":[13],"tags":[14,20],"class_list":{"0":"post-376","1":"post","2":"type-post","3":"status-publish","4":"format-standard","5":"has-post-thumbnail","7":"category-vereinsfuehrung","8":"tag-vereinsfuehrung","9":"tag-vereinsvorstand"},"acf":[],"fimg_url":"https:\/\/benedetto.deutsches-ehrenamt.de\/app\/uploads\/2022\/02\/spendenbescheinigung-450x275-c-default.jpeg","fimg_alt_text":"Aktuelle F\u00f6rderprogramme 2022","_links":{"self":[{"href":"https:\/\/benedetto.deutsches-ehrenamt.de\/vereinsmagazin\/wp-json\/wp\/v2\/posts\/376","targetHints":{"allow":["GET"]}}],"collection":[{"href":"https:\/\/benedetto.deutsches-ehrenamt.de\/vereinsmagazin\/wp-json\/wp\/v2\/posts"}],"about":[{"href":"https:\/\/benedetto.deutsches-ehrenamt.de\/vereinsmagazin\/wp-json\/wp\/v2\/types\/post"}],"author":[{"embeddable":true,"href":"https:\/\/benedetto.deutsches-ehrenamt.de\/vereinsmagazin\/wp-json\/wp\/v2\/users\/3"}],"replies":[{"embeddable":true,"href":"https:\/\/benedetto.deutsches-ehrenamt.de\/vereinsmagazin\/wp-json\/wp\/v2\/comments?post=376"}],"version-history":[{"count":5,"href":"https:\/\/benedetto.deutsches-ehrenamt.de\/vereinsmagazin\/wp-json\/wp\/v2\/posts\/376\/revisions"}],"predecessor-version":[{"id":710,"href":"https:\/\/benedetto.deutsches-ehrenamt.de\/vereinsmagazin\/wp-json\/wp\/v2\/posts\/376\/revisions\/710"}],"wp:featuredmedia":[{"embeddable":true,"href":"https:\/\/benedetto.deutsches-ehrenamt.de\/vereinsmagazin\/wp-json\/wp\/v2\/media\/129"}],"wp:attachment":[{"href":"https:\/\/benedetto.deutsches-ehrenamt.de\/vereinsmagazin\/wp-json\/wp\/v2\/media?parent=376"}],"wp:term":[{"taxonomy":"category","embeddable":true,"href":"https:\/\/benedetto.deutsches-ehrenamt.de\/vereinsmagazin\/wp-json\/wp\/v2\/categories?post=376"},{"taxonomy":"post_tag","embeddable":true,"href":"https:\/\/benedetto.deutsches-ehrenamt.de\/vereinsmagazin\/wp-json\/wp\/v2\/tags?post=376"}],"curies":[{"name":"wp","href":"https:\/\/api.w.org\/{rel}","templated":true}]}}