{"id":409,"date":"2022-03-17T14:57:31","date_gmt":"2022-03-17T14:57:31","guid":{"rendered":"https:\/\/benedetto.deutsches-ehrenamt.de\/?p=409"},"modified":"2022-04-07T13:27:52","modified_gmt":"2022-04-07T13:27:52","slug":"taetigkeitsausschluss-einschlaegig-vorbestrafter-personen","status":"publish","type":"post","link":"https:\/\/benedetto.deutsches-ehrenamt.de\/vereinsmagazin\/taetigkeitsausschluss-einschlaegig-vorbestrafter-personen\/","title":{"rendered":"T\u00e4tigkeitsausschluss einschl\u00e4gig vorbestrafter Personen"},"content":{"rendered":"\n<p>Folgender Paragraph soll sicherstellen, dass Kinder und Jugendliche bei der Kinder-und Jugendhilfe von Personen mit straff\u00e4lliger Vergangenheit fern gehalten werden.<br>Diese Vorschrift gilt sowohl f\u00fcr \u00f6ffentliche als auch f\u00fcr freie Tr\u00e4ger der Kinder und Jungendhilfe.<\/p>\n\n\n\n<p>Nach \u00a7 72a SGB VII d\u00fcrfen Vereine in Aufgaben, die mit der Hilfe von Kindern und Jugendlichen zu tun haben, keine Personen besch\u00e4ftigen, die wegen folgenden Straftaten verurteilt wurden:<\/p>\n\n\n\n<ul class=\"wp-block-list\"><li>\u00a7 171 Verletzung der F\u00fcrsorge- oder Erziehungspflicht<\/li><li>\u00a7 174 Sexueller Missbrauch von Schutzbefohlenen<\/li><li>\u00a7 174a Sexueller Missbrauch von Gefangenen, beh\u00f6rdlich Verwahrten oder Kranken und Hilfsbed\u00fcrftigen in Einrichtungen<\/li><li>\u00a7 174b Sexueller Missbrauch unter Ausnutzung einer Amtsstellung<\/li><li>\u00a7 174c Sexueller Missbrauch unter Ausnutzung eines Beratungs-, Behandlungs- oder Betreuungsverh\u00e4ltnisses<\/li><li>\u00a7\u00a7 176 bis 176b Tatbest\u00e4nde des sexuellen Missbrauchs von Kindern<\/li><li>\u00a7\u00a7 177 bis 179 Tatbest\u00e4nde der sexuellen N\u00f6tigung und des sexuellen Missbrauchs<\/li><li>\u00a7 180 F\u00f6rderung sexueller Handlungen Minderj\u00e4hriger<\/li><li>\u00a7 180a Ausbeutung von Prostituierten<\/li><li>\u00a7 181a Zuh\u00e4lterei<\/li><li>\u00a7 182 Sexueller Missbrauch von Jugendlichen<\/li><li>\u00a7 183 Exhibitionistische Handlungen<\/li><li>\u00a7 183a Erregung \u00f6ffentlichen \u00c4rgernisses<\/li><li>\u00a7\u00a7 184 bis 184d Verbreitung pornografischer Schriften und Darbietungen<\/li><li>\u00a7\u00a7 184e bis 184f Aus\u00fcbung verbotener und jugendgef\u00e4hrdender Prostitution<\/li><li>\u00a7 225 Misshandlung von Schutzbefohlenen<\/li><li>\u00a7\u00a7 232 bis 233a Tatbest\u00e4nde des Menschenhandels<\/li><li>\u00a7 234 Menschenraub<\/li><li>\u00a7 235 Entziehung Minderj\u00e4hriger<\/li><li>\u00a7 236 Kinderhandel<\/li><\/ul>\n\n\n\n<p>Um dies zu verhindern, k\u00f6nnen Sie nach \u00a7 30 Absatz 5 und \u00a7 30a Absatz 1 des<br>Bundeszentralregistergesetzes ein F\u00fchrungszeugnis von der Person anfordern, die Sie einstellen m\u00f6chten.<\/p>\n\n\n\n<p>Sie m\u00fcssen auch sicherstellen, dass keine neben- oder ehrenamtliche Person, die wegen oben genannten Straftaten verurteilt ist, in Wahrnehmung von Aufgaben der Kinder- und Jugendhilfe Kinder oder Jugendliche beaufsichtigt, betreut, erzieht oder ausbildet oder einen vergleichbaren Kontakt hat.<\/p>\n\n\n\n<p>Nach der Einsicht in das F\u00fchrungszeugnis d\u00fcrfen Sie nur folgende Daten erheben:<\/p>\n\n\n\n<ul class=\"wp-block-list\"><li>Den Umstand, dass Sie Einsicht genommen haben,<\/li><li>das Datum des F\u00fchrungszeugnisses und<\/li><li>die Information, ob eine Straftat begangen wurde.<\/li><\/ul>\n\n\n\n<p>Sie d\u00fcrfen diese Informationen nur ver\u00e4ndern, nutzen und speichern, soweit sie dem Ausschluss der Person, die Sie ausschlie\u00dfen wollen, hilfreich ist. Unbefugten m\u00fcssen Sie den Zutritt zu den Informationen verweigern und sobald Sie sich gegen eine Einstellung entschieden haben, m\u00fcssen Sie die Daten sofort l\u00f6schen.<\/p>\n","protected":false},"excerpt":{"rendered":"<p>Sie wollen jemanden einstellen, der Aufgaben f\u00fcr die Kinder- und Jugendhilfe bew\u00e4ltigt? Dann m\u00fcssen Sie besonders gut aufpassen, wen Sie da einstellen und, dass Sie den vielen Vorschriften folgen, denn Kinder und Jugendliche werden durch das Gesetz besonders gut gesch\u00fctzt.<\/p>\n","protected":false},"author":3,"featured_media":133,"comment_status":"open","ping_status":"open","sticky":false,"template":"","format":"standard","meta":{"_acf_changed":false,"_seopress_robots_primary_cat":"","_seopress_titles_title":"","_seopress_titles_desc":"","_seopress_robots_index":"","footnotes":""},"categories":[28],"tags":[42,46,14],"class_list":{"0":"post-409","1":"post","2":"type-post","3":"status-publish","4":"format-standard","5":"has-post-thumbnail","7":"category-haftung-versicherung","8":"tag-haftung","9":"tag-mitglieder","10":"tag-vereinsfuehrung"},"acf":[],"fimg_url":"https:\/\/benedetto.deutsches-ehrenamt.de\/app\/uploads\/2022\/02\/DE_kuendigung-768x512.jpeg","fimg_alt_text":"Austritt aus dem Verein","_links":{"self":[{"href":"https:\/\/benedetto.deutsches-ehrenamt.de\/vereinsmagazin\/wp-json\/wp\/v2\/posts\/409","targetHints":{"allow":["GET"]}}],"collection":[{"href":"https:\/\/benedetto.deutsches-ehrenamt.de\/vereinsmagazin\/wp-json\/wp\/v2\/posts"}],"about":[{"href":"https:\/\/benedetto.deutsches-ehrenamt.de\/vereinsmagazin\/wp-json\/wp\/v2\/types\/post"}],"author":[{"embeddable":true,"href":"https:\/\/benedetto.deutsches-ehrenamt.de\/vereinsmagazin\/wp-json\/wp\/v2\/users\/3"}],"replies":[{"embeddable":true,"href":"https:\/\/benedetto.deutsches-ehrenamt.de\/vereinsmagazin\/wp-json\/wp\/v2\/comments?post=409"}],"version-history":[{"count":5,"href":"https:\/\/benedetto.deutsches-ehrenamt.de\/vereinsmagazin\/wp-json\/wp\/v2\/posts\/409\/revisions"}],"predecessor-version":[{"id":704,"href":"https:\/\/benedetto.deutsches-ehrenamt.de\/vereinsmagazin\/wp-json\/wp\/v2\/posts\/409\/revisions\/704"}],"wp:featuredmedia":[{"embeddable":true,"href":"https:\/\/benedetto.deutsches-ehrenamt.de\/vereinsmagazin\/wp-json\/wp\/v2\/media\/133"}],"wp:attachment":[{"href":"https:\/\/benedetto.deutsches-ehrenamt.de\/vereinsmagazin\/wp-json\/wp\/v2\/media?parent=409"}],"wp:term":[{"taxonomy":"category","embeddable":true,"href":"https:\/\/benedetto.deutsches-ehrenamt.de\/vereinsmagazin\/wp-json\/wp\/v2\/categories?post=409"},{"taxonomy":"post_tag","embeddable":true,"href":"https:\/\/benedetto.deutsches-ehrenamt.de\/vereinsmagazin\/wp-json\/wp\/v2\/tags?post=409"}],"curies":[{"name":"wp","href":"https:\/\/api.w.org\/{rel}","templated":true}]}}