{"id":439,"date":"2022-03-17T15:41:54","date_gmt":"2022-03-17T15:41:54","guid":{"rendered":"https:\/\/benedetto.deutsches-ehrenamt.de\/?p=439"},"modified":"2022-04-07T13:25:35","modified_gmt":"2022-04-07T13:25:35","slug":"ausschluss","status":"publish","type":"post","link":"https:\/\/benedetto.deutsches-ehrenamt.de\/vereinsmagazin\/ausschluss\/","title":{"rendered":"Ausschluss"},"content":{"rendered":"\n<p>Die Rechtsprechung hat aus \u00a7 242 BGB den Grundsatz entwickelt, dass Dauerschuldverh\u00e4ltnisse aus wichtigem Grund vorzeitig beendet werden k\u00f6nnen. Dieser Grundsatz wird auch auf das Vereinsrecht angewendet (BGH vom 14.3.1994, NJW 1994 S.2610). F\u00fcr den Ausschluss bedarf es einer wirksamen Beschlussfassung durch die Mitgliederversammlung. Nicht erforderlich ist, dass das Vereinsmitglied den Ausschlussgrund schuldhaft herbeigef\u00fchrt hat. Der Ausschlussgrund muss konkret bezeichnet und dem Mitglied mitgeteilt werden. Er unterliegt der vollst\u00e4ndigen gerichtlichen Kontrolle. F\u00fcr den Ausschluss von Mitgliedern politischer Parteien enthalten die \u00a7\u00a7 10, 14 PartG eine abschie\u00dfende Regelung.<\/p>\n","protected":false},"excerpt":{"rendered":"<p>Der Ausschluss aus dem Verein geh\u00f6rt zu den Vereinsstrafen. Der Ausschluss darf als schwerste Strafe nur erkl\u00e4rt werden, wenn geringere Sanktionen nicht zum Erfolg f\u00fchren. <\/p>\n","protected":false},"author":3,"featured_media":133,"comment_status":"open","ping_status":"open","sticky":false,"template":"","format":"standard","meta":{"_acf_changed":false,"_seopress_robots_primary_cat":"","_seopress_titles_title":"","_seopress_titles_desc":"","_seopress_robots_index":"","footnotes":""},"categories":[56,13],"tags":[41,42,14],"class_list":{"0":"post-439","1":"post","2":"type-post","3":"status-publish","4":"format-standard","5":"has-post-thumbnail","7":"category-highlights","8":"category-vereinsfuehrung","9":"tag-gerichtsurteile","10":"tag-haftung","11":"tag-vereinsfuehrung"},"acf":[],"fimg_url":"https:\/\/benedetto.deutsches-ehrenamt.de\/app\/uploads\/2022\/02\/DE_kuendigung-768x512.jpeg","fimg_alt_text":"Austritt aus dem Verein","_links":{"self":[{"href":"https:\/\/benedetto.deutsches-ehrenamt.de\/vereinsmagazin\/wp-json\/wp\/v2\/posts\/439","targetHints":{"allow":["GET"]}}],"collection":[{"href":"https:\/\/benedetto.deutsches-ehrenamt.de\/vereinsmagazin\/wp-json\/wp\/v2\/posts"}],"about":[{"href":"https:\/\/benedetto.deutsches-ehrenamt.de\/vereinsmagazin\/wp-json\/wp\/v2\/types\/post"}],"author":[{"embeddable":true,"href":"https:\/\/benedetto.deutsches-ehrenamt.de\/vereinsmagazin\/wp-json\/wp\/v2\/users\/3"}],"replies":[{"embeddable":true,"href":"https:\/\/benedetto.deutsches-ehrenamt.de\/vereinsmagazin\/wp-json\/wp\/v2\/comments?post=439"}],"version-history":[{"count":5,"href":"https:\/\/benedetto.deutsches-ehrenamt.de\/vereinsmagazin\/wp-json\/wp\/v2\/posts\/439\/revisions"}],"predecessor-version":[{"id":699,"href":"https:\/\/benedetto.deutsches-ehrenamt.de\/vereinsmagazin\/wp-json\/wp\/v2\/posts\/439\/revisions\/699"}],"wp:featuredmedia":[{"embeddable":true,"href":"https:\/\/benedetto.deutsches-ehrenamt.de\/vereinsmagazin\/wp-json\/wp\/v2\/media\/133"}],"wp:attachment":[{"href":"https:\/\/benedetto.deutsches-ehrenamt.de\/vereinsmagazin\/wp-json\/wp\/v2\/media?parent=439"}],"wp:term":[{"taxonomy":"category","embeddable":true,"href":"https:\/\/benedetto.deutsches-ehrenamt.de\/vereinsmagazin\/wp-json\/wp\/v2\/categories?post=439"},{"taxonomy":"post_tag","embeddable":true,"href":"https:\/\/benedetto.deutsches-ehrenamt.de\/vereinsmagazin\/wp-json\/wp\/v2\/tags?post=439"}],"curies":[{"name":"wp","href":"https:\/\/api.w.org\/{rel}","templated":true}]}}