{"id":562,"date":"2022-03-30T16:52:36","date_gmt":"2022-03-30T16:52:36","guid":{"rendered":"https:\/\/benedetto.deutsches-ehrenamt.de\/?p=562"},"modified":"2022-04-04T07:55:56","modified_gmt":"2022-04-04T07:55:56","slug":"rechtsfrage-bei-der-naechsten-mitgliederversammlung-wird-ein-neuer-vorstand-gewaehlt","status":"publish","type":"post","link":"https:\/\/benedetto.deutsches-ehrenamt.de\/vereinsmagazin\/rechtsfrage-bei-der-naechsten-mitgliederversammlung-wird-ein-neuer-vorstand-gewaehlt\/","title":{"rendered":"Rechtsfrage: Bei der n\u00e4chsten Mitgliederversammlung wird ein neuer Vorstand gew\u00e4hlt&#8230;"},"content":{"rendered":"\n<div class=\"wp-block-group\"><div class=\"wp-block-group__inner-container is-layout-flow wp-block-group-is-layout-flow\">\n<p>Grunds\u00e4tzlich ist eine Wahl zum Vorstandsmitglied auch in Abwesenheit m\u00f6glich.<\/p>\n\n\n\n<p>Die Voraussetzung hierf\u00fcr ist, dass sich der Kandidat oder die Kandidatin vorher schriftlich dem bestehenden Vorstand gegen\u00fcber erkl\u00e4rt, f\u00fcr das Amt kandidieren zu wollen. Und ganz wichtig: Diese Erkl\u00e4rung muss auch enthalten, dass im Fall eines Wahlerfolgs, die Wahl auch angenommen wird.<\/p>\n\n\n\n<p>Kommt es bei der Mitgliederversammlung dann zum Tagesordnungspunkt der Wahl, verliest der die Versammlung leitende Vorstand diese Erkl\u00e4rung. Die Erkl\u00e4rung wird dann dem Sitzungsprotokoll beigef\u00fcgt.<\/p>\n<\/div><\/div>\n","protected":false},"excerpt":{"rendered":"<p>Bei der n\u00e4chsten Mitgliederversammlung wird ein neuer Vorstand gew\u00e4hlt. Eine Kandidatin teilte uns mit, dass sie zu diesem Termin nicht pers\u00f6nlich erscheinen kann. Kann sie sich auch in Abwesenheit zur Wahl stellen?<\/p>\n","protected":false},"author":2,"featured_media":563,"comment_status":"open","ping_status":"open","sticky":false,"template":"","format":"standard","meta":{"_acf_changed":false,"_seopress_robots_primary_cat":"","_seopress_titles_title":"","_seopress_titles_desc":"","_seopress_robots_index":"","footnotes":""},"categories":[13],"tags":[11,14,20],"class_list":{"0":"post-562","1":"post","2":"type-post","3":"status-publish","4":"format-standard","5":"has-post-thumbnail","7":"category-vereinsfuehrung","8":"tag-mitgliederversammlung","9":"tag-vereinsfuehrung","10":"tag-vereinsvorstand"},"acf":[],"fimg_url":"https:\/\/benedetto.deutsches-ehrenamt.de\/app\/uploads\/2022\/03\/Wahl-768x456.jpeg","fimg_alt_text":"Rechtsfrage: Bei der n\u00e4chsten Mitgliederversammlung wird ein neuer Vorstand gew\u00e4hlt...","_links":{"self":[{"href":"https:\/\/benedetto.deutsches-ehrenamt.de\/vereinsmagazin\/wp-json\/wp\/v2\/posts\/562","targetHints":{"allow":["GET"]}}],"collection":[{"href":"https:\/\/benedetto.deutsches-ehrenamt.de\/vereinsmagazin\/wp-json\/wp\/v2\/posts"}],"about":[{"href":"https:\/\/benedetto.deutsches-ehrenamt.de\/vereinsmagazin\/wp-json\/wp\/v2\/types\/post"}],"author":[{"embeddable":true,"href":"https:\/\/benedetto.deutsches-ehrenamt.de\/vereinsmagazin\/wp-json\/wp\/v2\/users\/2"}],"replies":[{"embeddable":true,"href":"https:\/\/benedetto.deutsches-ehrenamt.de\/vereinsmagazin\/wp-json\/wp\/v2\/comments?post=562"}],"version-history":[{"count":2,"href":"https:\/\/benedetto.deutsches-ehrenamt.de\/vereinsmagazin\/wp-json\/wp\/v2\/posts\/562\/revisions"}],"predecessor-version":[{"id":565,"href":"https:\/\/benedetto.deutsches-ehrenamt.de\/vereinsmagazin\/wp-json\/wp\/v2\/posts\/562\/revisions\/565"}],"wp:featuredmedia":[{"embeddable":true,"href":"https:\/\/benedetto.deutsches-ehrenamt.de\/vereinsmagazin\/wp-json\/wp\/v2\/media\/563"}],"wp:attachment":[{"href":"https:\/\/benedetto.deutsches-ehrenamt.de\/vereinsmagazin\/wp-json\/wp\/v2\/media?parent=562"}],"wp:term":[{"taxonomy":"category","embeddable":true,"href":"https:\/\/benedetto.deutsches-ehrenamt.de\/vereinsmagazin\/wp-json\/wp\/v2\/categories?post=562"},{"taxonomy":"post_tag","embeddable":true,"href":"https:\/\/benedetto.deutsches-ehrenamt.de\/vereinsmagazin\/wp-json\/wp\/v2\/tags?post=562"}],"curies":[{"name":"wp","href":"https:\/\/api.w.org\/{rel}","templated":true}]}}