{"id":986,"date":"2022-06-30T10:40:19","date_gmt":"2022-06-30T10:40:19","guid":{"rendered":"https:\/\/benedetto.deutsches-ehrenamt.de\/?p=986"},"modified":"2022-06-30T10:43:10","modified_gmt":"2022-06-30T10:43:10","slug":"gefluechtete-aus-der-ukraine-vor-ausbeutung-schuetzen","status":"publish","type":"post","link":"https:\/\/benedetto.deutsches-ehrenamt.de\/vereinsmagazin\/gefluechtete-aus-der-ukraine-vor-ausbeutung-schuetzen\/","title":{"rendered":"Gefl\u00fcchtete aus der Ukraine vor Ausbeutung sch\u00fctzen"},"content":{"rendered":"\n<p>Ein kostenfreies Online-Seminar bildet ehrenamtliche Helferinnen und Helfer weiter, um Gefl\u00fcchtete vor solchen Gefahren zu sch\u00fctzen.<\/p>\n\n\n\n<p><strong>Termin: Donnerstag, 14. Juli 2022, 18.00 bis 22.00 Uhr<br><a href=\"https:\/\/forms.office.com\/pages\/responsepage.aspx?id=LSaIFfsjtEO9brzknI5hhi-NnzHYK2pLmiys6C5x51VUQzU2MkVYNkQwQzI3R1AzR1pNNUJITUpVSSQlQCN0PWcu&amp;wdLOR=cFC23B25D-03A9-40C4-970E-D960D0AC09DC\">Zur Anmeldung<\/a><\/strong><\/p>\n\n\n\n<p>Das Seminar wird angeboten vom Bundesweiten Koordinierungskreis gegen Menschenhandel e.V. (KOK) und der Internationalen Organisation f\u00fcr Migration (IOM).<\/p>\n\n\n\n<p>Ziel dieser Fortbildung ist, dass Helferinnen und Helfer Verdachtsf\u00e4lle von Ausbeutung erkennen k\u00f6nnen und soll dabei helfen, zu bef\u00e4higen Betroffene in fragilen Strukturen (bspw. in einer privaten Unterbringung) besser zu sch\u00fctzen.<\/p>\n\n\n\n<p>Schwerpunkt des Seminars bildet dabei der Ukrainekontext sowie die Arbeit des Fraueninformationszentrum \u2013 FIZ und des Bundesweiten Koordinierungskreises gegen Menschenhandel \u2013 KOK e.V. Es wird ausreichend Raum f\u00fcr Fragen und Austausch geben.<\/p>\n","protected":false},"excerpt":{"rendered":"<p>Kostenfreies Online-Seminar f\u00fcr Ehrenamtliche<\/p>\n<p>Aus der Ukraine fl\u00fcchten nunmehr seit Monaten Frauen, Kinder und alte Menschen mitunter nach Deutschland. Besonders diese Personengruppe ist gef\u00e4hrdet, Ausbeutung oder Gewalt zu erfahren. <\/p>\n","protected":false},"author":3,"featured_media":957,"comment_status":"open","ping_status":"open","sticky":false,"template":"","format":"standard","meta":{"_acf_changed":false,"_seopress_robots_primary_cat":"none","_seopress_titles_title":"","_seopress_titles_desc":"","_seopress_robots_index":"","footnotes":""},"categories":[32],"tags":[49,46],"class_list":{"0":"post-986","1":"post","2":"type-post","3":"status-publish","4":"format-standard","5":"has-post-thumbnail","7":"category-soziales-engagement","8":"tag-ehrenamt","9":"tag-mitglieder"},"acf":[],"fimg_url":"https:\/\/benedetto.deutsches-ehrenamt.de\/app\/uploads\/2022\/06\/Ukraine-800-768x480.jpg","fimg_alt_text":"Einfach helfen! Steuerliche Ma\u00dfnahmen zur Unterst\u00fctzung der Menschen aus der Ukraine","_links":{"self":[{"href":"https:\/\/benedetto.deutsches-ehrenamt.de\/vereinsmagazin\/wp-json\/wp\/v2\/posts\/986","targetHints":{"allow":["GET"]}}],"collection":[{"href":"https:\/\/benedetto.deutsches-ehrenamt.de\/vereinsmagazin\/wp-json\/wp\/v2\/posts"}],"about":[{"href":"https:\/\/benedetto.deutsches-ehrenamt.de\/vereinsmagazin\/wp-json\/wp\/v2\/types\/post"}],"author":[{"embeddable":true,"href":"https:\/\/benedetto.deutsches-ehrenamt.de\/vereinsmagazin\/wp-json\/wp\/v2\/users\/3"}],"replies":[{"embeddable":true,"href":"https:\/\/benedetto.deutsches-ehrenamt.de\/vereinsmagazin\/wp-json\/wp\/v2\/comments?post=986"}],"version-history":[{"count":5,"href":"https:\/\/benedetto.deutsches-ehrenamt.de\/vereinsmagazin\/wp-json\/wp\/v2\/posts\/986\/revisions"}],"predecessor-version":[{"id":994,"href":"https:\/\/benedetto.deutsches-ehrenamt.de\/vereinsmagazin\/wp-json\/wp\/v2\/posts\/986\/revisions\/994"}],"wp:featuredmedia":[{"embeddable":true,"href":"https:\/\/benedetto.deutsches-ehrenamt.de\/vereinsmagazin\/wp-json\/wp\/v2\/media\/957"}],"wp:attachment":[{"href":"https:\/\/benedetto.deutsches-ehrenamt.de\/vereinsmagazin\/wp-json\/wp\/v2\/media?parent=986"}],"wp:term":[{"taxonomy":"category","embeddable":true,"href":"https:\/\/benedetto.deutsches-ehrenamt.de\/vereinsmagazin\/wp-json\/wp\/v2\/categories?post=986"},{"taxonomy":"post_tag","embeddable":true,"href":"https:\/\/benedetto.deutsches-ehrenamt.de\/vereinsmagazin\/wp-json\/wp\/v2\/tags?post=986"}],"curies":[{"name":"wp","href":"https:\/\/api.w.org\/{rel}","templated":true}]}}